{"id":15458,"date":"2021-05-08T22:17:19","date_gmt":"2021-05-08T22:17:19","guid":{"rendered":"https:\/\/oparanews.com.br\/?p=15458"},"modified":"2021-05-08T22:17:19","modified_gmt":"2021-05-08T22:17:19","slug":"karol-conka-revela-que-quase-desistiu-de-viver","status":"publish","type":"post","link":"https:\/\/www.oparanews.com.br\/index.php\/2021\/05\/08\/karol-conka-revela-que-quase-desistiu-de-viver\/","title":{"rendered":"Karol Conk\u00e1 revela que quase \u2018desistiu de viver\u2019"},"content":{"rendered":"<p>Karol Conk\u00e1, de 34 anos, revelou na manh\u00e3 deste s\u00e1bado (8) afirmando que quase \u201cdesistiu de viver\u201d ap\u00f3s ser eliminada do BBB21.<\/p>\n<p>\u201c[Quando sa\u00ed] n\u00e3o consegui dormir direito. Hoje consigo dormir melhor, mas passei muito mal, fiquei tensa, triste para caramba, querendo desistir de viver. Ent\u00e3o decidi aceitar a verdade\u201d, disse Karol em entrevista ao programa \u2018\u00c9 de Casa\u2019.<\/p>\n<p>\u201cEu fui uma pessoa p\u00e9ssima na casa mesmo e, a partir disso, comecei a buscar meio para n\u00e3o me sentir mais assim. Hoje eu tenho trabalhado isso com terapia e gra\u00e7as a isso tenho conseguido dormir melhor agora\u201d, continuou a cantora.<\/p>\n<p>Na sequ\u00eancia, ela foi questionada sobre as pessoas que alegam que ela est\u00e1 fingindo reden\u00e7\u00e3o. \u201cN\u00e3o estou fingindo, fico triste quando as pessoas cobram que a gente reconhe\u00e7a nossos erros e fazemos isso elas falam que \u00e9 fingimento. Esse comportamento, na verdade, fala mais das pessoas do que sobre mim, o meu papel, que \u00e9 reconhecer o erro, eu estou fazendo. O meu choro \u00e9 verdadeiro\u201d, pontuou.<\/p>\n<p>\u201cA verdade \u00e9 que sempre chorei, s\u00f3 que chorava escondido. O fato de eu reconhecer meu erro n\u00e3o significa que eu n\u00e3o posso sorrir, j\u00e1 ca\u00ed, j\u00e1 quase desisti de viver, o que mais eu posso fazer? O que mais preciso fazer para que as pessoas acreditem? N\u00e3o vou me humilhar, eu represento uma mulher, uma mulher preta e n\u00e3o preciso definhar para que as pessoas pisem em mim. \u00c9 uma reflex\u00e3o para todo mundo, ser\u00e1 que a justi\u00e7a j\u00e1 n\u00e3o foi feita com minha elimina\u00e7\u00e3o?\u201d, encerrou a cantora.<\/p>\n<p>&nbsp;<\/p>\n<p><strong>Fonte: ISTO\u00c9<\/strong><\/p>\n<p>&nbsp;<\/p>\n","protected":false},"excerpt":{"rendered":"<p>Karol Conk\u00e1, de 34 anos, revelou na manh\u00e3 deste s\u00e1bado (8) afirmando que quase \u201cdesistiu de viver\u201d ap\u00f3s ser eliminada do BBB21. \u201c[Quando sa\u00ed] n\u00e3o consegui dormir direito. Hoje consigo dormir melhor, mas passei muito mal, fiquei tensa, triste para caramba, querendo desistir de viver. Ent\u00e3o decidi aceitar a verdade\u201d, disse Karol em entrevista ao &hellip;<\/p>\n","protected":false},"author":1,"featured_media":15459,"comment_status":"closed","ping_status":"closed","sticky":false,"template":"","format":"standard","meta":{"_jetpack_newsletter_access":"","_jetpack_dont_email_post_to_subs":false,"_jetpack_newsletter_tier_id":0,"_jetpack_memberships_contains_paywalled_content":false,"_jetpack_memberships_contains_paid_content":false,"footnotes":""},"categories":[1],"tags":[],"class_list":["post-15458","post","type-post","status-publish","format-standard","has-post-thumbnail","hentry","category-destaque"],"jetpack_sharing_enabled":true,"jetpack_featured_media_url":"","_links":{"self":[{"href":"https:\/\/www.oparanews.com.br\/index.php\/wp-json\/wp\/v2\/posts\/15458","targetHints":{"allow":["GET"]}}],"collection":[{"href":"https:\/\/www.oparanews.com.br\/index.php\/wp-json\/wp\/v2\/posts"}],"about":[{"href":"https:\/\/www.oparanews.com.br\/index.php\/wp-json\/wp\/v2\/types\/post"}],"author":[{"embeddable":true,"href":"https:\/\/www.oparanews.com.br\/index.php\/wp-json\/wp\/v2\/users\/1"}],"replies":[{"embeddable":true,"href":"https:\/\/www.oparanews.com.br\/index.php\/wp-json\/wp\/v2\/comments?post=15458"}],"version-history":[{"count":0,"href":"https:\/\/www.oparanews.com.br\/index.php\/wp-json\/wp\/v2\/posts\/15458\/revisions"}],"wp:attachment":[{"href":"https:\/\/www.oparanews.com.br\/index.php\/wp-json\/wp\/v2\/media?parent=15458"}],"wp:term":[{"taxonomy":"category","embeddable":true,"href":"https:\/\/www.oparanews.com.br\/index.php\/wp-json\/wp\/v2\/categories?post=15458"},{"taxonomy":"post_tag","embeddable":true,"href":"https:\/\/www.oparanews.com.br\/index.php\/wp-json\/wp\/v2\/tags?post=15458"}],"curies":[{"name":"wp","href":"https:\/\/api.w.org\/{rel}","templated":true}]}}