{"id":15461,"date":"2021-05-08T22:18:11","date_gmt":"2021-05-08T22:18:11","guid":{"rendered":"https:\/\/oparanews.com.br\/?p=15461"},"modified":"2021-05-08T22:18:11","modified_gmt":"2021-05-08T22:18:11","slug":"sonza-assume-bissexualidade-ja-tive-medo-de-ser-quem-sou","status":"publish","type":"post","link":"https:\/\/www.oparanews.com.br\/index.php\/2021\/05\/08\/sonza-assume-bissexualidade-ja-tive-medo-de-ser-quem-sou\/","title":{"rendered":"Sonza assume bissexualidade: &#8220;J\u00e1 tive medo de ser quem sou&#8221;"},"content":{"rendered":"<p>Lu\u00edsa Sonza lan\u00e7ou a nova m\u00fasica Tenta\u00e7\u00e3o em parceria com a cantora Carol Biazin na noite desta quinta-feira, 6. O clipe, em que as artistas protagonizam cenas de romance e beijos, ficou entre os assuntos mais comentados nas redes sociais na manh\u00e3 desta sexta, 7.<\/p>\n<p>A can\u00e7\u00e3o faz parte do \u00e1lbum Beijo de Judas, de Biazin. Ap\u00f3s a repercuss\u00e3o do v\u00eddeo, a namorada de Vit\u00e3o compartilhou um desabafo sobre sua sexualidade nas redes sociais.<\/p>\n<p>No Twitter, Sonza revelou que \u00e9 bissexual e que tinha receio de falar sobre isso publicamente. &#8220;Para quem queria saber: sim, sou&#8221;, escreveu ela, se referindo a orienta\u00e7\u00e3o sexual.<\/p>\n<p>&#8220;Obrigada, Carol e Day por me darem tanta coragem. Amo voc\u00eas. As duas sabem da import\u00e2ncia que t\u00eam pra mim&#8221;, agradeceu a Biazin e a namorada, Day Limns. As duas s\u00e3o amigas pessoais de Lu\u00edsa.<\/p>\n<p>&#8220;D\u00e1 um al\u00edvio ver o carinho que voc\u00eas [f\u00e3s] est\u00e3o tendo comigo. J\u00e1 tive tanto medo (ok, tenho um pouco ainda) de ser quem eu sou por tr\u00eas principais motivos: o lugar de onde eu vim [Rio Grande do Sul], minha fam\u00edlia e como as pessoas iriam receber&#8221;, continuou a cantora.<\/p>\n<p>&#8220;Acho que, por isso, eu demorei para contar. Quero falar mais a fundo sobre esse assunto da minha vida quando eu me sentir mais confort\u00e1vel e preparada (&#8230;) Esse apoio \u00e9 realmente algo essencial e muito importante pra mim. Mas repito, \u00e9 um assunto muito delicado e quero ter muita calma. Mas estou muito feliz e principalmente aliviada&#8221;, concluiu.<\/p>\n<p>&nbsp;<\/p>\n<p><strong>Fonte: Terra<\/strong><\/p>\n<p>&nbsp;<\/p>\n","protected":false},"excerpt":{"rendered":"<p>Lu\u00edsa Sonza lan\u00e7ou a nova m\u00fasica Tenta\u00e7\u00e3o em parceria com a cantora Carol Biazin na noite desta quinta-feira, 6. O clipe, em que as artistas protagonizam cenas de romance e beijos, ficou entre os assuntos mais comentados nas redes sociais na manh\u00e3 desta sexta, 7. A can\u00e7\u00e3o faz parte do \u00e1lbum Beijo de Judas, de &hellip;<\/p>\n","protected":false},"author":1,"featured_media":15462,"comment_status":"closed","ping_status":"closed","sticky":false,"template":"","format":"standard","meta":{"_jetpack_newsletter_access":"","_jetpack_dont_email_post_to_subs":false,"_jetpack_newsletter_tier_id":0,"_jetpack_memberships_contains_paywalled_content":false,"_jetpack_memberships_contains_paid_content":false,"footnotes":""},"categories":[1],"tags":[],"class_list":["post-15461","post","type-post","status-publish","format-standard","has-post-thumbnail","hentry","category-destaque"],"jetpack_sharing_enabled":true,"jetpack_featured_media_url":"","_links":{"self":[{"href":"https:\/\/www.oparanews.com.br\/index.php\/wp-json\/wp\/v2\/posts\/15461","targetHints":{"allow":["GET"]}}],"collection":[{"href":"https:\/\/www.oparanews.com.br\/index.php\/wp-json\/wp\/v2\/posts"}],"about":[{"href":"https:\/\/www.oparanews.com.br\/index.php\/wp-json\/wp\/v2\/types\/post"}],"author":[{"embeddable":true,"href":"https:\/\/www.oparanews.com.br\/index.php\/wp-json\/wp\/v2\/users\/1"}],"replies":[{"embeddable":true,"href":"https:\/\/www.oparanews.com.br\/index.php\/wp-json\/wp\/v2\/comments?post=15461"}],"version-history":[{"count":0,"href":"https:\/\/www.oparanews.com.br\/index.php\/wp-json\/wp\/v2\/posts\/15461\/revisions"}],"wp:attachment":[{"href":"https:\/\/www.oparanews.com.br\/index.php\/wp-json\/wp\/v2\/media?parent=15461"}],"wp:term":[{"taxonomy":"category","embeddable":true,"href":"https:\/\/www.oparanews.com.br\/index.php\/wp-json\/wp\/v2\/categories?post=15461"},{"taxonomy":"post_tag","embeddable":true,"href":"https:\/\/www.oparanews.com.br\/index.php\/wp-json\/wp\/v2\/tags?post=15461"}],"curies":[{"name":"wp","href":"https:\/\/api.w.org\/{rel}","templated":true}]}}