{"id":15485,"date":"2021-05-10T12:19:23","date_gmt":"2021-05-10T12:19:23","guid":{"rendered":"https:\/\/oparanews.com.br\/?p=15485"},"modified":"2021-05-10T12:19:23","modified_gmt":"2021-05-10T12:19:23","slug":"media-de-mortes-diarias-por-covid-cai-28-em-um-mes","status":"publish","type":"post","link":"https:\/\/www.oparanews.com.br\/index.php\/2021\/05\/10\/media-de-mortes-diarias-por-covid-cai-28-em-um-mes\/","title":{"rendered":"M\u00e9dia de mortes di\u00e1rias por covid cai 28% em um m\u00eas"},"content":{"rendered":"<p>O n\u00famero de mortes di\u00e1rias por covid-19 no Brasil recuou 28,3% em um m\u00eas, de acordo com a m\u00e9dia m\u00f3vel de sete dias, divulgada pela Funda\u00e7\u00e3o Oswaldo Cruz (Fiocruz). Os dados mostram que ontem (9) a m\u00e9dia di\u00e1ria estava em 2.100 \u00f3bitos, abaixo dos 2.930 de 9 de abril.<\/p>\n<p>Em 14 dias, a m\u00e9dia m\u00f3vel de mortes caiu 15,8%, j\u00e1 que, em 25 de abril, o n\u00famero de \u00f3bitos di\u00e1rios estava em 2.495.<\/p>\n<p>O \u00e1pice de mortes foi registrado em 12 de abril (3.124). Desde ent\u00e3o, os registros t\u00eam apresentado uma trajet\u00f3ria de queda, com algumas altas pontuais.<\/p>\n<p>A m\u00e9dia de m\u00f3vel de sete dias, divulgada pela Fiocruz, \u00e9 calculada somando-se os registros do dia com os seis dias anteriores e dividindo o resultado da soma por sete. O n\u00famero \u00e9 diferente daquele divulgado pelo Minist\u00e9rio da Sa\u00fade, que mostra apenas as ocorr\u00eancias de um dia espec\u00edfico.<\/p>\n<p>&nbsp;<\/p>\n<p><strong>Fonte: Ag\u00eancia Brasil<\/strong><\/p>\n<p>&nbsp;<\/p>\n","protected":false},"excerpt":{"rendered":"<p>O n\u00famero de mortes di\u00e1rias por covid-19 no Brasil recuou 28,3% em um m\u00eas, de acordo com a m\u00e9dia m\u00f3vel de sete dias, divulgada pela Funda\u00e7\u00e3o Oswaldo Cruz (Fiocruz). Os dados mostram que ontem (9) a m\u00e9dia di\u00e1ria estava em 2.100 \u00f3bitos, abaixo dos 2.930 de 9 de abril. Em 14 dias, a m\u00e9dia m\u00f3vel &hellip;<\/p>\n","protected":false},"author":1,"featured_media":15486,"comment_status":"closed","ping_status":"closed","sticky":false,"template":"","format":"standard","meta":{"_jetpack_newsletter_access":"","_jetpack_dont_email_post_to_subs":false,"_jetpack_newsletter_tier_id":0,"_jetpack_memberships_contains_paywalled_content":false,"_jetpack_memberships_contains_paid_content":false,"footnotes":""},"categories":[1],"tags":[],"class_list":["post-15485","post","type-post","status-publish","format-standard","has-post-thumbnail","hentry","category-destaque"],"jetpack_sharing_enabled":true,"jetpack_featured_media_url":"","_links":{"self":[{"href":"https:\/\/www.oparanews.com.br\/index.php\/wp-json\/wp\/v2\/posts\/15485","targetHints":{"allow":["GET"]}}],"collection":[{"href":"https:\/\/www.oparanews.com.br\/index.php\/wp-json\/wp\/v2\/posts"}],"about":[{"href":"https:\/\/www.oparanews.com.br\/index.php\/wp-json\/wp\/v2\/types\/post"}],"author":[{"embeddable":true,"href":"https:\/\/www.oparanews.com.br\/index.php\/wp-json\/wp\/v2\/users\/1"}],"replies":[{"embeddable":true,"href":"https:\/\/www.oparanews.com.br\/index.php\/wp-json\/wp\/v2\/comments?post=15485"}],"version-history":[{"count":0,"href":"https:\/\/www.oparanews.com.br\/index.php\/wp-json\/wp\/v2\/posts\/15485\/revisions"}],"wp:attachment":[{"href":"https:\/\/www.oparanews.com.br\/index.php\/wp-json\/wp\/v2\/media?parent=15485"}],"wp:term":[{"taxonomy":"category","embeddable":true,"href":"https:\/\/www.oparanews.com.br\/index.php\/wp-json\/wp\/v2\/categories?post=15485"},{"taxonomy":"post_tag","embeddable":true,"href":"https:\/\/www.oparanews.com.br\/index.php\/wp-json\/wp\/v2\/tags?post=15485"}],"curies":[{"name":"wp","href":"https:\/\/api.w.org\/{rel}","templated":true}]}}