{"id":15491,"date":"2021-05-10T20:28:53","date_gmt":"2021-05-10T20:28:53","guid":{"rendered":"https:\/\/oparanews.com.br\/?p=15491"},"modified":"2021-05-10T20:28:53","modified_gmt":"2021-05-10T20:28:53","slug":"sementes-para-agricultores-de-penedo-e-regiao-comecam-a-ser-distribuidas","status":"publish","type":"post","link":"https:\/\/www.oparanews.com.br\/index.php\/2021\/05\/10\/sementes-para-agricultores-de-penedo-e-regiao-comecam-a-ser-distribuidas\/","title":{"rendered":"Sementes para agricultores de Penedo e regi\u00e3o come\u00e7am a ser distribu\u00eddas"},"content":{"rendered":"<p>As sementes distribu\u00eddas gratuitamente pelo Governo de Alagoas aos produtores rurais de baixa renda come\u00e7am a ser entregues em Penedo a partir desta ter\u00e7a-feira, 11, pela Secretaria Municipal de Abastecimento e Desenvolvimento Agr\u00edcola (Semada).<\/p>\n<p>A parceria entre as pastas municipal e estadual que lidam diretamente com agricultores envolve ainda a Emater Alagoas, pol\u00edtica p\u00fablica cujo resultado da safra de feij\u00e3o, milho e arroz pode gerar cinquenta e um milh\u00e3o de reais para munic\u00edpios das regi\u00f5es do Baixo S\u00e3o Francisco, Litoral Sul e Agreste.<\/p>\n<p>Quatro munic\u00edpios dessa regional (Penedo, Pia\u00e7abu\u00e7u, Feliz Deserto e Coruripe) podem pegar, a partir de amanh\u00e3, sete toneladas de milho, sete toneladas de feij\u00e3o de arranca e tr\u00eas de feij\u00e3o de corda.<\/p>\n<p>Parceria entre Prefeitura de Penedo e Governo de Alagoas atende homem do campo<\/p>\n<p>A primeira remessa das 158 toneladas destinadas para o territ\u00f3rio que atende ainda S\u00e3o Br\u00e1s, Porto Real do Col\u00e9gio, Igreja Nova, S\u00e3o Sebasti\u00e3o, Junqueiro e Teot\u00f4nio Vilela chegou hoje na Central de Distribui\u00e7\u00e3o, setor localizado na Rodovia Engenheiro Joaquim Gon\u00e7alves, n\u00ba 186, ao lado da Secretaria Municipal de Planejamento e Gest\u00e3o.<\/p>\n<p>\u201cEstamos fazendo o agendamento das institui\u00e7\u00f5es cadastradas para que venham pegar as sementes aqui, na Central de Distribui\u00e7\u00e3o da regional Penedo\u201d, explica Cleice Alves, engenheira agr\u00f4noma da Emater que presta assist\u00eancia t\u00e9cnica aos produtores rurais de Penedo por meio da Semada.<\/p>\n<p>&nbsp;<\/p>\n<p><strong>por Fernando Vin\u00edcius \u2013 Decom PMP<\/strong><\/p>\n<p>&nbsp;<\/p>\n","protected":false},"excerpt":{"rendered":"<p>As sementes distribu\u00eddas gratuitamente pelo Governo de Alagoas aos produtores rurais de baixa renda come\u00e7am a ser entregues em Penedo a partir desta ter\u00e7a-feira, 11, pela Secretaria Municipal de Abastecimento e Desenvolvimento Agr\u00edcola (Semada). A parceria entre as pastas municipal e estadual que lidam diretamente com agricultores envolve ainda a Emater Alagoas, pol\u00edtica p\u00fablica cujo &hellip;<\/p>\n","protected":false},"author":1,"featured_media":15492,"comment_status":"closed","ping_status":"closed","sticky":false,"template":"","format":"standard","meta":{"_jetpack_newsletter_access":"","_jetpack_dont_email_post_to_subs":false,"_jetpack_newsletter_tier_id":0,"_jetpack_memberships_contains_paywalled_content":false,"_jetpack_memberships_contains_paid_content":false,"footnotes":""},"categories":[1],"tags":[],"class_list":["post-15491","post","type-post","status-publish","format-standard","has-post-thumbnail","hentry","category-destaque"],"jetpack_sharing_enabled":true,"jetpack_featured_media_url":"","_links":{"self":[{"href":"https:\/\/www.oparanews.com.br\/index.php\/wp-json\/wp\/v2\/posts\/15491","targetHints":{"allow":["GET"]}}],"collection":[{"href":"https:\/\/www.oparanews.com.br\/index.php\/wp-json\/wp\/v2\/posts"}],"about":[{"href":"https:\/\/www.oparanews.com.br\/index.php\/wp-json\/wp\/v2\/types\/post"}],"author":[{"embeddable":true,"href":"https:\/\/www.oparanews.com.br\/index.php\/wp-json\/wp\/v2\/users\/1"}],"replies":[{"embeddable":true,"href":"https:\/\/www.oparanews.com.br\/index.php\/wp-json\/wp\/v2\/comments?post=15491"}],"version-history":[{"count":0,"href":"https:\/\/www.oparanews.com.br\/index.php\/wp-json\/wp\/v2\/posts\/15491\/revisions"}],"wp:attachment":[{"href":"https:\/\/www.oparanews.com.br\/index.php\/wp-json\/wp\/v2\/media?parent=15491"}],"wp:term":[{"taxonomy":"category","embeddable":true,"href":"https:\/\/www.oparanews.com.br\/index.php\/wp-json\/wp\/v2\/categories?post=15491"},{"taxonomy":"post_tag","embeddable":true,"href":"https:\/\/www.oparanews.com.br\/index.php\/wp-json\/wp\/v2\/tags?post=15491"}],"curies":[{"name":"wp","href":"https:\/\/api.w.org\/{rel}","templated":true}]}}