{"id":15494,"date":"2021-05-10T20:33:51","date_gmt":"2021-05-10T20:33:51","guid":{"rendered":"https:\/\/oparanews.com.br\/?p=15494"},"modified":"2021-05-10T20:33:51","modified_gmt":"2021-05-10T20:33:51","slug":"segunda-dose-de-coronavac-em-penedo-atende-agendados-para-22-e-24-de-abril","status":"publish","type":"post","link":"https:\/\/www.oparanews.com.br\/index.php\/2021\/05\/10\/segunda-dose-de-coronavac-em-penedo-atende-agendados-para-22-e-24-de-abril\/","title":{"rendered":"Segunda dose de Coronavac em Penedo atende agendados para 22 e 24 de abril"},"content":{"rendered":"<p>Quem ficou agendado para receber a segunda dose da Coronavac em Penedo nos dias 22 e 24 de abril ter\u00e1 o complemento da imuniza\u00e7\u00e3o contra Covid-19 nesta ter\u00e7a-feira, 11 de maio.<\/p>\n<p>A Secretaria Municipal de Sa\u00fade (SEMS) de Penedo tamb\u00e9m leva o servi\u00e7o at\u00e9 a casa de pessoas acamadas e impossibilitadas de se locomover, seguindo o protocolo do Minist\u00e9rio da Sa\u00fade para grupos priorit\u00e1rios.<\/p>\n<p>Assim que a SEMS receber mais lotes de Coronavac \u2013 al\u00e9m das 200 doses repassadas neste in\u00edcio de semana -, a pasta anunciar\u00e1 a data para concluir a imuniza\u00e7\u00e3o das pessoas que j\u00e1 receberam a primeira dose.<\/p>\n<p>A SEMS Penedo atualiza informa\u00e7\u00f5es diariamente em seu Instagram @saudepenedo, assim como repassa a divulga\u00e7\u00e3o para m\u00eddia local e estadual.<\/p>\n<p>Al\u00e9m das pessoas que iriam receber a segunda dose da Coronavac nos dias 22 e 24 de abril, a SEMS Penedo imuniza p\u00fablicos priorit\u00e1rios com a vacina AstraZeneca.<\/p>\n<p>As mais recentes remessas de AstraZeneca est\u00e3o sendo direcionadas em Penedo para pessoas acometidas por comorbidades a partir dos 18 anos, portadores de defici\u00eancia permanente na faixa et\u00e1ria de 35 a 59 anos, remanescentes quilombolas acima de 18 anos e trabalhadores da Educa\u00e7\u00e3o com idade entre 55 e 59 anos.<\/p>\n<p>Mais de dez mil pessoas (10.181) j\u00e1 receberam pelo menos a 1\u00aa dose de imunizante contra Covid em Penedo, sendo 4.522 j\u00e1 com imuniza\u00e7\u00e3o conclu\u00edda.<\/p>\n<p>A campanha de vacina\u00e7\u00e3o contra o coronav\u00edrus acontece na central instalada na Escola estadual Ernani M\u00e9ro, no hor\u00e1rio das 7h as 17 horas.<\/p>\n<p>&nbsp;<\/p>\n<p><strong>por Fernando Vin\u00edcius \u2013 Decom PMP<\/strong><\/p>\n<p>&nbsp;<\/p>\n","protected":false},"excerpt":{"rendered":"<p>Quem ficou agendado para receber a segunda dose da Coronavac em Penedo nos dias 22 e 24 de abril ter\u00e1 o complemento da imuniza\u00e7\u00e3o contra Covid-19 nesta ter\u00e7a-feira, 11 de maio. A Secretaria Municipal de Sa\u00fade (SEMS) de Penedo tamb\u00e9m leva o servi\u00e7o at\u00e9 a casa de pessoas acamadas e impossibilitadas de se locomover, seguindo &hellip;<\/p>\n","protected":false},"author":1,"featured_media":15495,"comment_status":"closed","ping_status":"closed","sticky":false,"template":"","format":"standard","meta":{"_jetpack_newsletter_access":"","_jetpack_dont_email_post_to_subs":false,"_jetpack_newsletter_tier_id":0,"_jetpack_memberships_contains_paywalled_content":false,"_jetpack_memberships_contains_paid_content":false,"footnotes":""},"categories":[1],"tags":[],"class_list":["post-15494","post","type-post","status-publish","format-standard","has-post-thumbnail","hentry","category-destaque"],"jetpack_sharing_enabled":true,"jetpack_featured_media_url":"","_links":{"self":[{"href":"https:\/\/www.oparanews.com.br\/index.php\/wp-json\/wp\/v2\/posts\/15494","targetHints":{"allow":["GET"]}}],"collection":[{"href":"https:\/\/www.oparanews.com.br\/index.php\/wp-json\/wp\/v2\/posts"}],"about":[{"href":"https:\/\/www.oparanews.com.br\/index.php\/wp-json\/wp\/v2\/types\/post"}],"author":[{"embeddable":true,"href":"https:\/\/www.oparanews.com.br\/index.php\/wp-json\/wp\/v2\/users\/1"}],"replies":[{"embeddable":true,"href":"https:\/\/www.oparanews.com.br\/index.php\/wp-json\/wp\/v2\/comments?post=15494"}],"version-history":[{"count":0,"href":"https:\/\/www.oparanews.com.br\/index.php\/wp-json\/wp\/v2\/posts\/15494\/revisions"}],"wp:attachment":[{"href":"https:\/\/www.oparanews.com.br\/index.php\/wp-json\/wp\/v2\/media?parent=15494"}],"wp:term":[{"taxonomy":"category","embeddable":true,"href":"https:\/\/www.oparanews.com.br\/index.php\/wp-json\/wp\/v2\/categories?post=15494"},{"taxonomy":"post_tag","embeddable":true,"href":"https:\/\/www.oparanews.com.br\/index.php\/wp-json\/wp\/v2\/tags?post=15494"}],"curies":[{"name":"wp","href":"https:\/\/api.w.org\/{rel}","templated":true}]}}