{"id":15497,"date":"2021-05-10T20:35:41","date_gmt":"2021-05-10T20:35:41","guid":{"rendered":"https:\/\/oparanews.com.br\/?p=15497"},"modified":"2021-05-10T20:35:41","modified_gmt":"2021-05-10T20:35:41","slug":"semed-penedo-e-contemplada-com-curso-de-robotica-espacial-para-estudantes","status":"publish","type":"post","link":"https:\/\/www.oparanews.com.br\/index.php\/2021\/05\/10\/semed-penedo-e-contemplada-com-curso-de-robotica-espacial-para-estudantes\/","title":{"rendered":"Semed Penedo \u00e9 contemplada com curso de rob\u00f3tica espacial para estudantes"},"content":{"rendered":"<p>Um projeto piloto desenvolvido pela Universidade de Bras\u00edlia (UNB) e o Fundo Nacional de Desenvolvimento da Educa\u00e7\u00e3o (FNDE), com apoio t\u00e9cnico da Ag\u00eancia Espacial Brasileira, ser\u00e1 lan\u00e7ado em Penedo nesta segunda-feira, 10.<\/p>\n<p>A partir das 16 horas de hoje, 25 estudantes do 5\u00ba ao 9\u00ba ano do Ensino Fundamental da Escola Municipal de Educa\u00e7\u00e3o B\u00e1sica (EMEB) Professor Wilton Lisboa Lucena acompanhar\u00e3o a live que leva at\u00e9 a Educa\u00e7\u00e3o do Futuro.<\/p>\n<p>Conectados pela Internet, alunos e alunas da mais nova unidade de ensino da Secretaria Municipal de Educa\u00e7\u00e3o (Semed) come\u00e7am um curso on-line sobre rob\u00f3tica espacial, aprendizado em uma plataforma pedag\u00f3gica interativa.<\/p>\n<p>A introdu\u00e7\u00e3o \u00e0 Rob\u00f3tica Espacial \u00e9 feita com dados te\u00f3ricos e pr\u00e1ticos sobre rob\u00f3tica, desenvolvida com simuladores para cria\u00e7\u00e3o e montagem de um rob\u00f4 Rover Veicule, inspirado no projeto Artemis, liderado pela NASA que tem participa\u00e7\u00e3o do Brasil.<\/p>\n<p>Durante as etapas do curso, os participantes ganham refor\u00e7os did\u00e1ticos, resumos simplificados, dicas pr\u00e1ticas, testes e avalia\u00e7\u00e3o progressiva.<\/p>\n<p>Apesar da autonomia dos estudantes no aprendizado, os professores tamb\u00e9m recebem orienta\u00e7\u00e3o da parceria respons\u00e1vel pelo projeto piloto na Semed Penedo.<\/p>\n<p>&nbsp;<\/p>\n<p><strong>por Fernando Vin\u00edcius \u2013 Decom PMP<\/strong><\/p>\n<p>&nbsp;<\/p>\n","protected":false},"excerpt":{"rendered":"<p>Um projeto piloto desenvolvido pela Universidade de Bras\u00edlia (UNB) e o Fundo Nacional de Desenvolvimento da Educa\u00e7\u00e3o (FNDE), com apoio t\u00e9cnico da Ag\u00eancia Espacial Brasileira, ser\u00e1 lan\u00e7ado em Penedo nesta segunda-feira, 10. A partir das 16 horas de hoje, 25 estudantes do 5\u00ba ao 9\u00ba ano do Ensino Fundamental da Escola Municipal de Educa\u00e7\u00e3o B\u00e1sica &hellip;<\/p>\n","protected":false},"author":1,"featured_media":15498,"comment_status":"closed","ping_status":"closed","sticky":false,"template":"","format":"standard","meta":{"_jetpack_newsletter_access":"","_jetpack_dont_email_post_to_subs":false,"_jetpack_newsletter_tier_id":0,"_jetpack_memberships_contains_paywalled_content":false,"_jetpack_memberships_contains_paid_content":false,"footnotes":""},"categories":[1],"tags":[],"class_list":["post-15497","post","type-post","status-publish","format-standard","has-post-thumbnail","hentry","category-destaque"],"jetpack_sharing_enabled":true,"jetpack_featured_media_url":"","_links":{"self":[{"href":"https:\/\/www.oparanews.com.br\/index.php\/wp-json\/wp\/v2\/posts\/15497","targetHints":{"allow":["GET"]}}],"collection":[{"href":"https:\/\/www.oparanews.com.br\/index.php\/wp-json\/wp\/v2\/posts"}],"about":[{"href":"https:\/\/www.oparanews.com.br\/index.php\/wp-json\/wp\/v2\/types\/post"}],"author":[{"embeddable":true,"href":"https:\/\/www.oparanews.com.br\/index.php\/wp-json\/wp\/v2\/users\/1"}],"replies":[{"embeddable":true,"href":"https:\/\/www.oparanews.com.br\/index.php\/wp-json\/wp\/v2\/comments?post=15497"}],"version-history":[{"count":0,"href":"https:\/\/www.oparanews.com.br\/index.php\/wp-json\/wp\/v2\/posts\/15497\/revisions"}],"wp:attachment":[{"href":"https:\/\/www.oparanews.com.br\/index.php\/wp-json\/wp\/v2\/media?parent=15497"}],"wp:term":[{"taxonomy":"category","embeddable":true,"href":"https:\/\/www.oparanews.com.br\/index.php\/wp-json\/wp\/v2\/categories?post=15497"},{"taxonomy":"post_tag","embeddable":true,"href":"https:\/\/www.oparanews.com.br\/index.php\/wp-json\/wp\/v2\/tags?post=15497"}],"curies":[{"name":"wp","href":"https:\/\/api.w.org\/{rel}","templated":true}]}}