{"id":15500,"date":"2021-05-11T00:12:20","date_gmt":"2021-05-11T00:12:20","guid":{"rendered":"https:\/\/oparanews.com.br\/?p=15500"},"modified":"2021-05-11T00:12:20","modified_gmt":"2021-05-11T00:12:20","slug":"mais-um-obito-por-covid-19-e-registrado-em-penedo-2","status":"publish","type":"post","link":"https:\/\/www.oparanews.com.br\/index.php\/2021\/05\/11\/mais-um-obito-por-covid-19-e-registrado-em-penedo-2\/","title":{"rendered":"Mais um \u00f3bito por Covid-19 \u00e9 registrado em Penedo"},"content":{"rendered":"<p>A Secretaria Municipal de Sa\u00fade (SEMS) de Penedo atualizou agora h\u00e1 pouco o boletim epidemiol\u00f3gico sobre a pandemia de Covid-19.<\/p>\n<p>De acordo com a SEMS, Penedo tem 3.420 casos confirmados at\u00e9 este in\u00edcio de semana. Desse total, 3.045 pessoas est\u00e3o recuperadas da doen\u00e7a causadora de 33 \u00f3bitos no munic\u00edpio, o mais recente de uma pessoa do povoado Santa Margarida.<\/p>\n<p>Os n\u00fameros desta segunda-feira, 10 de maio, mostram ainda que 3.578 casos foram descartados e 14 aguardam resultados do exame PCR-RT, tamb\u00e9m chamado de swab.<\/p>\n<p>A Secretaria Municipal de Sa\u00fade n\u00e3o utiliza mais testes r\u00e1pidos para iniciar o procedimento de diagn\u00f3stico para Covid.<\/p>\n<p>O avan\u00e7o na assist\u00eancia \u00e0 popula\u00e7\u00e3o de Penedo \u00e9 feito com o m\u00e9todo de maior grau de exatid\u00e3o e coleta de material a partir do 3\u00ba dia ap\u00f3s o in\u00edcio dos sintomas da infec\u00e7\u00e3o por coronav\u00edrus.<\/p>\n<p>Entre os dias 1\u00ba e 8 deste m\u00eas, 55 pessoas foram diagnosticadas com Covid-19 em Penedo por meio do teste swab\/PCR-RT, exame cujo resultado pode ser entregue em at\u00e9 72 horas, sendo a an\u00e1lise feita no Lacen, unidade da rede p\u00fablica estadual.<\/p>\n<p>Unidades de S\u00edndromes Gripais<\/p>\n<p>Na Unidade de S\u00edndromes Gripais foram realizados 91 atendimentos nesta segunda-feira, 10, com treze pessoas submetidas ao exame que coleta material da regi\u00e3o do nariz e da faringe, com uso de um tipo de cotonete.<\/p>\n<p><strong>Vacin\u00f4metro<\/strong><\/p>\n<p>O total de pessoas imunizadas contra o coronav\u00edrus em Penedo at\u00e9 hoje \u00e9 de 10.397, sendo que 4.615 j\u00e1 receberam a segunda dose do imunizante.<\/p>\n<p>A Central de Vacina\u00e7\u00e3o contra Covid funciona na Escola Estadual Ernani M\u00e9ro, das 7h \u00e0s 17 horas, local que recebe a partir desta ter\u00e7a-feira, 11, novas faixas de grupos priorit\u00e1rios.<\/p>\n<p>Confira aqui quem pode se dirigir at\u00e9 a central a partir de amanh\u00e3<\/p>\n<p>&nbsp;<\/p>\n<p><strong>por Fernando Vin\u00edcius \u2013 Decom PMP<\/strong><\/p>\n<p>&nbsp;<\/p>\n","protected":false},"excerpt":{"rendered":"<p>A Secretaria Municipal de Sa\u00fade (SEMS) de Penedo atualizou agora h\u00e1 pouco o boletim epidemiol\u00f3gico sobre a pandemia de Covid-19. De acordo com a SEMS, Penedo tem 3.420 casos confirmados at\u00e9 este in\u00edcio de semana. Desse total, 3.045 pessoas est\u00e3o recuperadas da doen\u00e7a causadora de 33 \u00f3bitos no munic\u00edpio, o mais recente de uma pessoa &hellip;<\/p>\n","protected":false},"author":1,"featured_media":15501,"comment_status":"closed","ping_status":"closed","sticky":false,"template":"","format":"standard","meta":{"_jetpack_newsletter_access":"","_jetpack_dont_email_post_to_subs":false,"_jetpack_newsletter_tier_id":0,"_jetpack_memberships_contains_paywalled_content":false,"_jetpack_memberships_contains_paid_content":false,"footnotes":""},"categories":[1],"tags":[],"class_list":["post-15500","post","type-post","status-publish","format-standard","has-post-thumbnail","hentry","category-destaque"],"jetpack_sharing_enabled":true,"jetpack_featured_media_url":"","_links":{"self":[{"href":"https:\/\/www.oparanews.com.br\/index.php\/wp-json\/wp\/v2\/posts\/15500","targetHints":{"allow":["GET"]}}],"collection":[{"href":"https:\/\/www.oparanews.com.br\/index.php\/wp-json\/wp\/v2\/posts"}],"about":[{"href":"https:\/\/www.oparanews.com.br\/index.php\/wp-json\/wp\/v2\/types\/post"}],"author":[{"embeddable":true,"href":"https:\/\/www.oparanews.com.br\/index.php\/wp-json\/wp\/v2\/users\/1"}],"replies":[{"embeddable":true,"href":"https:\/\/www.oparanews.com.br\/index.php\/wp-json\/wp\/v2\/comments?post=15500"}],"version-history":[{"count":0,"href":"https:\/\/www.oparanews.com.br\/index.php\/wp-json\/wp\/v2\/posts\/15500\/revisions"}],"wp:attachment":[{"href":"https:\/\/www.oparanews.com.br\/index.php\/wp-json\/wp\/v2\/media?parent=15500"}],"wp:term":[{"taxonomy":"category","embeddable":true,"href":"https:\/\/www.oparanews.com.br\/index.php\/wp-json\/wp\/v2\/categories?post=15500"},{"taxonomy":"post_tag","embeddable":true,"href":"https:\/\/www.oparanews.com.br\/index.php\/wp-json\/wp\/v2\/tags?post=15500"}],"curies":[{"name":"wp","href":"https:\/\/api.w.org\/{rel}","templated":true}]}}