{"id":15503,"date":"2021-05-11T00:16:52","date_gmt":"2021-05-11T00:16:52","guid":{"rendered":"https:\/\/oparanews.com.br\/?p=15503"},"modified":"2021-05-11T00:16:52","modified_gmt":"2021-05-11T00:16:52","slug":"penedo-inicia-vacina-contra-covid-para-os-profissionais-da-educacao","status":"publish","type":"post","link":"https:\/\/www.oparanews.com.br\/index.php\/2021\/05\/11\/penedo-inicia-vacina-contra-covid-para-os-profissionais-da-educacao\/","title":{"rendered":"Penedo inicia vacina contra Covid para os profissionais da Educa\u00e7\u00e3o"},"content":{"rendered":"<p>Quem tem 18 anos ou mais e trabalha na \u00e1rea da Educa\u00e7\u00e3o em Penedo ou \u00e9 pessoa portadora de defici\u00eancia permanente, da mesma faixa et\u00e1ria, l\u00e1 pode ser vacinado contra a Covid.<\/p>\n<p>O acesso das novas faixas et\u00e1rias \u00e0 imuniza\u00e7\u00e3o contra o coronav\u00edrus come\u00e7a nesta ter\u00e7a-feira, 11, conforme an\u00fancio do Secret\u00e1rio Municipal de Sa\u00fade, Guilherme Lopes, sobre as boas not\u00edcias.<\/p>\n<p>Para quem trabalha em algum setor escolar, da faxina \u00e0 sala de aula, \u00e9 preciso apresentar contracheque recente (mar\u00e7o ou abril) ou declara\u00e7\u00e3o assinada pelo diretor da unidade de ensino localizada em Penedo, atestando o v\u00ednculo de trabalho.<\/p>\n<p>A campanha de imuniza\u00e7\u00e3o contra o coronav\u00edrus j\u00e1 alcan\u00e7ou mais de 10 mil moradores de Penedo com pelo menos a primeira dose do imunizante.<\/p>\n<p>Al\u00e9m das novas faixas et\u00e1rias, a administra\u00e7\u00e3o da primeira dose da vacina AstraZeneca contra Covid-19 tamb\u00e9m est\u00e1 atualmente dispon\u00edvel para remanescentes quilombolas na central que funciona na Escola Estadual Ernani M\u00e9ro, das 7 horas \u00e0s 17 horas.<\/p>\n<p><strong>Segunda dose da Coronavac<\/strong><\/p>\n<p>Penedo recebeu 200 doses da vacina Coronavac, quantidade que ser\u00e1 utilizada a partir de amanh\u00e3 para concluir a imuniza\u00e7\u00e3o de quem estava agendado para receber a segunda dose nos dias 22 e 24 de abril.<\/p>\n<p>A Secretaria Municipal de Sa\u00fade informa que convocar\u00e1 as demais pessoas para a segunda dose \u00e0 medida em que o munic\u00edpio receber novas remessas da Coronavac.<\/p>\n<p>&nbsp;<\/p>\n<p><strong>por Fernando Vin\u00edcius \u2013 Decom PMP<\/strong><\/p>\n<p>&nbsp;<\/p>\n","protected":false},"excerpt":{"rendered":"<p>Quem tem 18 anos ou mais e trabalha na \u00e1rea da Educa\u00e7\u00e3o em Penedo ou \u00e9 pessoa portadora de defici\u00eancia permanente, da mesma faixa et\u00e1ria, l\u00e1 pode ser vacinado contra a Covid. O acesso das novas faixas et\u00e1rias \u00e0 imuniza\u00e7\u00e3o contra o coronav\u00edrus come\u00e7a nesta ter\u00e7a-feira, 11, conforme an\u00fancio do Secret\u00e1rio Municipal de Sa\u00fade, Guilherme &hellip;<\/p>\n","protected":false},"author":1,"featured_media":15504,"comment_status":"closed","ping_status":"closed","sticky":false,"template":"","format":"standard","meta":{"_jetpack_newsletter_access":"","_jetpack_dont_email_post_to_subs":false,"_jetpack_newsletter_tier_id":0,"_jetpack_memberships_contains_paywalled_content":false,"_jetpack_memberships_contains_paid_content":false,"footnotes":""},"categories":[1],"tags":[],"class_list":["post-15503","post","type-post","status-publish","format-standard","has-post-thumbnail","hentry","category-destaque"],"jetpack_sharing_enabled":true,"jetpack_featured_media_url":"","_links":{"self":[{"href":"https:\/\/www.oparanews.com.br\/index.php\/wp-json\/wp\/v2\/posts\/15503","targetHints":{"allow":["GET"]}}],"collection":[{"href":"https:\/\/www.oparanews.com.br\/index.php\/wp-json\/wp\/v2\/posts"}],"about":[{"href":"https:\/\/www.oparanews.com.br\/index.php\/wp-json\/wp\/v2\/types\/post"}],"author":[{"embeddable":true,"href":"https:\/\/www.oparanews.com.br\/index.php\/wp-json\/wp\/v2\/users\/1"}],"replies":[{"embeddable":true,"href":"https:\/\/www.oparanews.com.br\/index.php\/wp-json\/wp\/v2\/comments?post=15503"}],"version-history":[{"count":0,"href":"https:\/\/www.oparanews.com.br\/index.php\/wp-json\/wp\/v2\/posts\/15503\/revisions"}],"wp:attachment":[{"href":"https:\/\/www.oparanews.com.br\/index.php\/wp-json\/wp\/v2\/media?parent=15503"}],"wp:term":[{"taxonomy":"category","embeddable":true,"href":"https:\/\/www.oparanews.com.br\/index.php\/wp-json\/wp\/v2\/categories?post=15503"},{"taxonomy":"post_tag","embeddable":true,"href":"https:\/\/www.oparanews.com.br\/index.php\/wp-json\/wp\/v2\/tags?post=15503"}],"curies":[{"name":"wp","href":"https:\/\/api.w.org\/{rel}","templated":true}]}}