{"id":15509,"date":"2021-05-11T00:56:59","date_gmt":"2021-05-11T00:56:59","guid":{"rendered":"https:\/\/oparanews.com.br\/?p=15509"},"modified":"2021-05-11T00:56:59","modified_gmt":"2021-05-11T00:56:59","slug":"tite-vai-anunciar-convocacao-da-selecao-na-proxima-sexta-14","status":"publish","type":"post","link":"https:\/\/www.oparanews.com.br\/index.php\/2021\/05\/11\/tite-vai-anunciar-convocacao-da-selecao-na-proxima-sexta-14\/","title":{"rendered":"Tite vai anunciar convoca\u00e7\u00e3o da sele\u00e7\u00e3o na pr\u00f3xima sexta, 14"},"content":{"rendered":"<p>O t\u00e9cnico da sele\u00e7\u00e3o brasileira masculina de futebol, Tite, divulga na pr\u00f3xima sexta-feira, \u00e0s 11h, a lista de convocados para os pr\u00f3ximos jogos das Eliminat\u00f3rias &#8211; dia 4 de junho, em Porto Alegre, contra o Equador, e dia 8, contra o Paraguai, em Assun\u00e7\u00e3o.<\/p>\n<p>Depois da convoca\u00e7\u00e3o, Tite e a comiss\u00e3o t\u00e9cnica v\u00e3o participar de coletiva de imprensa virtual. O Brasil \u00e9 l\u00edder das Eliminat\u00f3rias para a Copa do Catar de 2022 com quatro jogos e quatro vit\u00f3rias.<\/p>\n<p>A sele\u00e7\u00e3o vai a Porto Alegre enfrentar o Equador, \u00e0s 21h30, do dia 4 de junho. Depois, no dia 8, em Assun\u00e7\u00e3o, pega o Paraguai, tamb\u00e9m \u00e0s 21h30 (hor\u00e1rio de Bras\u00edlia).<\/p>\n<p>Depois das Eliminat\u00f3rias, a sele\u00e7\u00e3o de Tite segue reunida para a Copa Am\u00e9rica, que come\u00e7a para o Brasil no dia 14 de junho, contra a Venezuela. Os brasileiros ainda enfrentam Peru, os donos da casa colombianos e o Equador, na \u00faltima rodada da primeira fase.<\/p>\n<p>&nbsp;<\/p>\n<p><strong>Fonte: GE<\/strong><\/p>\n<p>&nbsp;<\/p>\n","protected":false},"excerpt":{"rendered":"<p>O t\u00e9cnico da sele\u00e7\u00e3o brasileira masculina de futebol, Tite, divulga na pr\u00f3xima sexta-feira, \u00e0s 11h, a lista de convocados para os pr\u00f3ximos jogos das Eliminat\u00f3rias &#8211; dia 4 de junho, em Porto Alegre, contra o Equador, e dia 8, contra o Paraguai, em Assun\u00e7\u00e3o. Depois da convoca\u00e7\u00e3o, Tite e a comiss\u00e3o t\u00e9cnica v\u00e3o participar de &hellip;<\/p>\n","protected":false},"author":1,"featured_media":15510,"comment_status":"closed","ping_status":"closed","sticky":false,"template":"","format":"standard","meta":{"_jetpack_newsletter_access":"","_jetpack_dont_email_post_to_subs":false,"_jetpack_newsletter_tier_id":0,"_jetpack_memberships_contains_paywalled_content":false,"_jetpack_memberships_contains_paid_content":false,"footnotes":""},"categories":[1],"tags":[],"class_list":["post-15509","post","type-post","status-publish","format-standard","has-post-thumbnail","hentry","category-destaque"],"jetpack_sharing_enabled":true,"jetpack_featured_media_url":"","_links":{"self":[{"href":"https:\/\/www.oparanews.com.br\/index.php\/wp-json\/wp\/v2\/posts\/15509","targetHints":{"allow":["GET"]}}],"collection":[{"href":"https:\/\/www.oparanews.com.br\/index.php\/wp-json\/wp\/v2\/posts"}],"about":[{"href":"https:\/\/www.oparanews.com.br\/index.php\/wp-json\/wp\/v2\/types\/post"}],"author":[{"embeddable":true,"href":"https:\/\/www.oparanews.com.br\/index.php\/wp-json\/wp\/v2\/users\/1"}],"replies":[{"embeddable":true,"href":"https:\/\/www.oparanews.com.br\/index.php\/wp-json\/wp\/v2\/comments?post=15509"}],"version-history":[{"count":0,"href":"https:\/\/www.oparanews.com.br\/index.php\/wp-json\/wp\/v2\/posts\/15509\/revisions"}],"wp:attachment":[{"href":"https:\/\/www.oparanews.com.br\/index.php\/wp-json\/wp\/v2\/media?parent=15509"}],"wp:term":[{"taxonomy":"category","embeddable":true,"href":"https:\/\/www.oparanews.com.br\/index.php\/wp-json\/wp\/v2\/categories?post=15509"},{"taxonomy":"post_tag","embeddable":true,"href":"https:\/\/www.oparanews.com.br\/index.php\/wp-json\/wp\/v2\/tags?post=15509"}],"curies":[{"name":"wp","href":"https:\/\/api.w.org\/{rel}","templated":true}]}}