{"id":15512,"date":"2021-05-11T00:58:25","date_gmt":"2021-05-11T00:58:25","guid":{"rendered":"https:\/\/oparanews.com.br\/?p=15512"},"modified":"2021-05-11T00:58:25","modified_gmt":"2021-05-11T00:58:25","slug":"fpf-divulga-tabela-das-quartas-de-final-do-paulistao","status":"publish","type":"post","link":"https:\/\/www.oparanews.com.br\/index.php\/2021\/05\/11\/fpf-divulga-tabela-das-quartas-de-final-do-paulistao\/","title":{"rendered":"FPF divulga tabela das quartas de final do Paulist\u00e3o"},"content":{"rendered":"<p>A Federa\u00e7\u00e3o Paulista de Futebol divulgou nesta segunda-feira pela manh\u00e3 a tabela das quartas de final do Campeonato Paulista 2021. A disputa \u00e9 em jogo \u00fanico. Veja abaixo as datas, os hor\u00e1rios e onde assistir aos jogos:<\/p>\n<p><strong>Ter\u00e7a-feira<\/strong><br \/>\nCorinthians x Inter de Limeira &#8211; 16h (Globo, SporTV e Premiere)<br \/>\nNarra\u00e7\u00e3o: Odinei Ribeiro (Premiere) Cl\u00e9ber Machado (Globo)<br \/>\nComent\u00e1rios: Maur\u00edcio Noriega, Ricardinho e PC Oliveira (Premiere); Casagrande, Caio Ribeiro e S\u00e1lvio Sp\u00ednola (TV Globo)<\/p>\n<p><strong>Quarta-feira<\/strong><br \/>\nMirassol x Guarani &#8211; 21h (SporTV e Premiere)<br \/>\nNarra\u00e7\u00e3o: Renata Silveira<br \/>\nComent\u00e1rios: PVC e Grafite<\/p>\n<p><strong>Sexta-feira<\/strong><br \/>\nRed Bull Bragantino x Palmeiras &#8211; 19h30 (Premiere)<br \/>\nNarra\u00e7\u00e3o: Gustavo Villani<br \/>\nComent\u00e1rios: Paulo Nunes, L\u00e9dio Carmona e Sandro Meira Ricci<\/p>\n<p>S\u00e3o Paulo x Ferrovi\u00e1ria &#8211; 21h30 (SporTV e Premiere)<br \/>\nNarra\u00e7\u00e3o: Jota J\u00fanior<br \/>\nComent\u00e1rios: S\u00e1lvio Sp\u00ednola, Ana Tha\u00eds Matos e Roque Jr<\/p>\n<p>A partir das semifinais, tamb\u00e9m em jogo \u00fanico, os confrontos ser\u00e3o definidos pela soma de pontos de todas as fases anteriores. O dono da melhor campanha duela contra o pior. O segundo melhor encara o terceiro.<\/p>\n<p>&nbsp;<\/p>\n<p><strong>Fonte: GE<\/strong><\/p>\n<p>&nbsp;<\/p>\n","protected":false},"excerpt":{"rendered":"<p>A Federa\u00e7\u00e3o Paulista de Futebol divulgou nesta segunda-feira pela manh\u00e3 a tabela das quartas de final do Campeonato Paulista 2021. A disputa \u00e9 em jogo \u00fanico. Veja abaixo as datas, os hor\u00e1rios e onde assistir aos jogos: Ter\u00e7a-feira Corinthians x Inter de Limeira &#8211; 16h (Globo, SporTV e Premiere) Narra\u00e7\u00e3o: Odinei Ribeiro (Premiere) Cl\u00e9ber Machado &hellip;<\/p>\n","protected":false},"author":1,"featured_media":15513,"comment_status":"closed","ping_status":"closed","sticky":false,"template":"","format":"standard","meta":{"_jetpack_newsletter_access":"","_jetpack_dont_email_post_to_subs":false,"_jetpack_newsletter_tier_id":0,"_jetpack_memberships_contains_paywalled_content":false,"_jetpack_memberships_contains_paid_content":false,"footnotes":""},"categories":[1],"tags":[],"class_list":["post-15512","post","type-post","status-publish","format-standard","has-post-thumbnail","hentry","category-destaque"],"jetpack_sharing_enabled":true,"jetpack_featured_media_url":"","_links":{"self":[{"href":"https:\/\/www.oparanews.com.br\/index.php\/wp-json\/wp\/v2\/posts\/15512","targetHints":{"allow":["GET"]}}],"collection":[{"href":"https:\/\/www.oparanews.com.br\/index.php\/wp-json\/wp\/v2\/posts"}],"about":[{"href":"https:\/\/www.oparanews.com.br\/index.php\/wp-json\/wp\/v2\/types\/post"}],"author":[{"embeddable":true,"href":"https:\/\/www.oparanews.com.br\/index.php\/wp-json\/wp\/v2\/users\/1"}],"replies":[{"embeddable":true,"href":"https:\/\/www.oparanews.com.br\/index.php\/wp-json\/wp\/v2\/comments?post=15512"}],"version-history":[{"count":0,"href":"https:\/\/www.oparanews.com.br\/index.php\/wp-json\/wp\/v2\/posts\/15512\/revisions"}],"wp:attachment":[{"href":"https:\/\/www.oparanews.com.br\/index.php\/wp-json\/wp\/v2\/media?parent=15512"}],"wp:term":[{"taxonomy":"category","embeddable":true,"href":"https:\/\/www.oparanews.com.br\/index.php\/wp-json\/wp\/v2\/categories?post=15512"},{"taxonomy":"post_tag","embeddable":true,"href":"https:\/\/www.oparanews.com.br\/index.php\/wp-json\/wp\/v2\/tags?post=15512"}],"curies":[{"name":"wp","href":"https:\/\/api.w.org\/{rel}","templated":true}]}}