{"id":15515,"date":"2021-05-11T01:01:36","date_gmt":"2021-05-11T01:01:36","guid":{"rendered":"https:\/\/oparanews.com.br\/?p=15515"},"modified":"2021-05-11T01:01:36","modified_gmt":"2021-05-11T01:01:36","slug":"presidente-bolsonaro-vira-a-alagoas-no-dia-13","status":"publish","type":"post","link":"https:\/\/www.oparanews.com.br\/index.php\/2021\/05\/11\/presidente-bolsonaro-vira-a-alagoas-no-dia-13\/","title":{"rendered":"Presidente Bolsonaro vir\u00e1 a Alagoas no dia 13"},"content":{"rendered":"<p>Ainda n\u00e3o h\u00e1 detalhes sobre o hor\u00e1rio de chegada e todos os eventos que participar\u00e1, mas est\u00e1 confirmada a vinda do presidente Jair Bolsonaro (sem partido) na pr\u00f3xima quinta-feira (13) a Alagoas. A informa\u00e7\u00e3o \u00e9 do deputado estadual Cabo Bebeto (PTC), que detalhou ainda que Bolsonaro estar\u00e1 em Macei\u00f3 e S\u00e3o Jos\u00e9 Tapera.<\/p>\n<p>Segundo o parlamentar, o presidente Bolsonaro ser\u00e1 recebido por apoiadores no Aeroporto Zumbi dos Palmares, que o acompanhar\u00e3o todo o trajeto at\u00e9 a inaugura\u00e7\u00e3o do residencial Oiticica, no Benedito Bentes. \u201cEle estar\u00e1 presente para a inaugura\u00e7\u00e3o do habitacional e depois segue para S\u00e3o Jos\u00e9 da Tapera. Ainda estamos esperando detalhes sobre hor\u00e1rios\u201d, disse Cabo Bebeto.<\/p>\n<p>Dados da Prefeitura de Macei\u00f3 apontam que a capital tinha, at\u00e9 o fim do ano passado, um d\u00e9ficit habitacional de cerca de 46,1 mil unidades, abrangendo moradias em assentamentos prec\u00e1rios e moradias inadequadas.<\/p>\n<p>A ida ao munic\u00edpio de S\u00e3o Jos\u00e9 da Tapera deve-se ao Canal do Sert\u00e3o, obra h\u00eddrica que recebe recursos do governo federal, segundo informa\u00e7\u00e3o divulgada no m\u00eas passado, quando estava marcada a vinda de Bolsonaro a Alagoas, o que depois foi adiada.<\/p>\n<p>Em janeiro deste ano, o presidente Jair Bolsonaro e o senador Fernando Collor (PROS) estiveram no munic\u00edpio de Propri\u00e1, no estado de Sergipe, para inaugurar a ponte que o liga a Porto Real do Col\u00e9gio, em Alagoas, cujas obras foram iniciadas em 2019.<\/p>\n<p>&nbsp;<\/p>\n<p><strong>Fonte: Gazetaweb<\/strong><\/p>\n<p>&nbsp;<\/p>\n","protected":false},"excerpt":{"rendered":"<p>Ainda n\u00e3o h\u00e1 detalhes sobre o hor\u00e1rio de chegada e todos os eventos que participar\u00e1, mas est\u00e1 confirmada a vinda do presidente Jair Bolsonaro (sem partido) na pr\u00f3xima quinta-feira (13) a Alagoas. A informa\u00e7\u00e3o \u00e9 do deputado estadual Cabo Bebeto (PTC), que detalhou ainda que Bolsonaro estar\u00e1 em Macei\u00f3 e S\u00e3o Jos\u00e9 Tapera. Segundo o &hellip;<\/p>\n","protected":false},"author":1,"featured_media":15516,"comment_status":"closed","ping_status":"closed","sticky":false,"template":"","format":"standard","meta":{"_jetpack_newsletter_access":"","_jetpack_dont_email_post_to_subs":false,"_jetpack_newsletter_tier_id":0,"_jetpack_memberships_contains_paywalled_content":false,"_jetpack_memberships_contains_paid_content":false,"footnotes":""},"categories":[1],"tags":[],"class_list":["post-15515","post","type-post","status-publish","format-standard","has-post-thumbnail","hentry","category-destaque"],"jetpack_sharing_enabled":true,"jetpack_featured_media_url":"","_links":{"self":[{"href":"https:\/\/www.oparanews.com.br\/index.php\/wp-json\/wp\/v2\/posts\/15515","targetHints":{"allow":["GET"]}}],"collection":[{"href":"https:\/\/www.oparanews.com.br\/index.php\/wp-json\/wp\/v2\/posts"}],"about":[{"href":"https:\/\/www.oparanews.com.br\/index.php\/wp-json\/wp\/v2\/types\/post"}],"author":[{"embeddable":true,"href":"https:\/\/www.oparanews.com.br\/index.php\/wp-json\/wp\/v2\/users\/1"}],"replies":[{"embeddable":true,"href":"https:\/\/www.oparanews.com.br\/index.php\/wp-json\/wp\/v2\/comments?post=15515"}],"version-history":[{"count":0,"href":"https:\/\/www.oparanews.com.br\/index.php\/wp-json\/wp\/v2\/posts\/15515\/revisions"}],"wp:attachment":[{"href":"https:\/\/www.oparanews.com.br\/index.php\/wp-json\/wp\/v2\/media?parent=15515"}],"wp:term":[{"taxonomy":"category","embeddable":true,"href":"https:\/\/www.oparanews.com.br\/index.php\/wp-json\/wp\/v2\/categories?post=15515"},{"taxonomy":"post_tag","embeddable":true,"href":"https:\/\/www.oparanews.com.br\/index.php\/wp-json\/wp\/v2\/tags?post=15515"}],"curies":[{"name":"wp","href":"https:\/\/api.w.org\/{rel}","templated":true}]}}