{"id":15530,"date":"2021-05-12T01:36:55","date_gmt":"2021-05-12T01:36:55","guid":{"rendered":"https:\/\/oparanews.com.br\/?p=15530"},"modified":"2021-05-12T01:36:55","modified_gmt":"2021-05-12T01:36:55","slug":"penedo-tem-numero-recorde-de-vacinados-contra-covid-em-um-so-dia","status":"publish","type":"post","link":"https:\/\/www.oparanews.com.br\/index.php\/2021\/05\/12\/penedo-tem-numero-recorde-de-vacinados-contra-covid-em-um-so-dia\/","title":{"rendered":"Penedo tem n\u00famero recorde de vacinados contra Covid em um s\u00f3 dia"},"content":{"rendered":"<p>A imuniza\u00e7\u00e3o da popula\u00e7\u00e3o de Penedo contra o coronav\u00edrus tem um novo marco hist\u00f3rico. Nesta ter\u00e7a-feira, 11 de maio, a Secretaria Municipal de Sa\u00fade (SEMS) vacinou 840 pessoas, 127 a mais do que o recorde anterior.<\/p>\n<p>Agora, Penedo tem 11.030 pessoas vacinadas contra Covid, sendo 4.821 com a segunda dose.<\/p>\n<p>O servi\u00e7o prestado na Central de Vacina\u00e7\u00e3o que funciona na Escola Estadual Ernani M\u00e9ro registrou a aplica\u00e7\u00e3o de 490 doses da vacina AstraZeneca em trabalhadores da Educa\u00e7\u00e3o, 74 em portadores de comorbidades, 55 em remanescentes quilombolas e quinze em pessoas com defici\u00eancia permanente.<\/p>\n<p><a href=\"https:\/\/oparanews.com.br\/wp-content\/uploads\/2021\/05\/Sem-t\u00edtulo-82.jpg\"><img loading=\"lazy\" decoding=\"async\" class=\"aligncenter size-full wp-image-15532\" src=\"https:\/\/oparanews.com.br\/wp-content\/uploads\/2021\/05\/Sem-t\u00edtulo-82.jpg\" alt=\"\" width=\"934\" height=\"1024\" \/><\/a><\/p>\n<p>Esses grupos definidos pelo Minist\u00e9rio da Sa\u00fade continuam com prioridade na campanha contra Covid-19, sendo necess\u00e1ria apresenta\u00e7\u00e3o de documento para ter acesso \u00e0 vacina, inclusive deficientes, estes por meio de laudo m\u00e9dico, conforme determina o protocolo da campanha definido pelo governo federal.<\/p>\n<p>Para o pessoal da Educa\u00e7\u00e3o, \u00e9 exigido contracheque de mar\u00e7o ou abril ou declara\u00e7\u00e3o que comprova o v\u00ednculo com institui\u00e7\u00e3o de ensino sediada em Penedo, assinada pelo diretor. Os remanescentes quilombolas s\u00e3o identificados por lista do NIS ou rela\u00e7\u00e3o fornecida por lideran\u00e7a das comunidades tradicionais Oiteiro e Tabuleiro dos Negros.<\/p>\n<p>Para quem \u00e9 acometido por comorbidades, \u00e9 preciso apresentar alguma comprova\u00e7\u00e3o m\u00e9dica ou de medicamentos, conforme a doen\u00e7a. Confira clicando neste link<\/p>\n<p>E o pessoal que recebeu a segunda dose da Coronavac hoje?<\/p>\n<p>O novo recorde de pessoas vacinadas em um s\u00f3 dia na Central de Vacina\u00e7\u00e3o de Penedo tamb\u00e9m contabiliza as pessoas agendadas para receber a segunda dose da Coronavac.<\/p>\n<p>O lote mais recente da vacina Coronavac enviado para Penedo daria para atender 200 pessoas, mas algumas ampolas tinham um pouco mais de vacina e como a equipe da SEMS \u00e9 mais do que qualificada para o trabalho, foi poss\u00edvel atender 206 pessoas.<\/p>\n<p>Por outro lado, as demais pessoas que aguardam a segunda dose da Coronavac, inclusive parte do p\u00fablico atendido hoje, continua sem previs\u00e3o para concluir a imuniza\u00e7\u00e3o por falta da vacina.<\/p>\n<p>&nbsp;<\/p>\n<p><strong>por Fernando Vin\u00edcius \u2013 Decom PMP<\/strong><\/p>\n<p>&nbsp;<\/p>\n","protected":false},"excerpt":{"rendered":"<p>A imuniza\u00e7\u00e3o da popula\u00e7\u00e3o de Penedo contra o coronav\u00edrus tem um novo marco hist\u00f3rico. Nesta ter\u00e7a-feira, 11 de maio, a Secretaria Municipal de Sa\u00fade (SEMS) vacinou 840 pessoas, 127 a mais do que o recorde anterior. Agora, Penedo tem 11.030 pessoas vacinadas contra Covid, sendo 4.821 com a segunda dose. O servi\u00e7o prestado na Central &hellip;<\/p>\n","protected":false},"author":1,"featured_media":15531,"comment_status":"closed","ping_status":"closed","sticky":false,"template":"","format":"standard","meta":{"_jetpack_newsletter_access":"","_jetpack_dont_email_post_to_subs":false,"_jetpack_newsletter_tier_id":0,"_jetpack_memberships_contains_paywalled_content":false,"_jetpack_memberships_contains_paid_content":false,"footnotes":""},"categories":[1],"tags":[],"class_list":["post-15530","post","type-post","status-publish","format-standard","has-post-thumbnail","hentry","category-destaque"],"jetpack_sharing_enabled":true,"jetpack_featured_media_url":"","_links":{"self":[{"href":"https:\/\/www.oparanews.com.br\/index.php\/wp-json\/wp\/v2\/posts\/15530","targetHints":{"allow":["GET"]}}],"collection":[{"href":"https:\/\/www.oparanews.com.br\/index.php\/wp-json\/wp\/v2\/posts"}],"about":[{"href":"https:\/\/www.oparanews.com.br\/index.php\/wp-json\/wp\/v2\/types\/post"}],"author":[{"embeddable":true,"href":"https:\/\/www.oparanews.com.br\/index.php\/wp-json\/wp\/v2\/users\/1"}],"replies":[{"embeddable":true,"href":"https:\/\/www.oparanews.com.br\/index.php\/wp-json\/wp\/v2\/comments?post=15530"}],"version-history":[{"count":0,"href":"https:\/\/www.oparanews.com.br\/index.php\/wp-json\/wp\/v2\/posts\/15530\/revisions"}],"wp:attachment":[{"href":"https:\/\/www.oparanews.com.br\/index.php\/wp-json\/wp\/v2\/media?parent=15530"}],"wp:term":[{"taxonomy":"category","embeddable":true,"href":"https:\/\/www.oparanews.com.br\/index.php\/wp-json\/wp\/v2\/categories?post=15530"},{"taxonomy":"post_tag","embeddable":true,"href":"https:\/\/www.oparanews.com.br\/index.php\/wp-json\/wp\/v2\/tags?post=15530"}],"curies":[{"name":"wp","href":"https:\/\/api.w.org\/{rel}","templated":true}]}}