{"id":15534,"date":"2021-05-12T17:11:28","date_gmt":"2021-05-12T17:11:28","guid":{"rendered":"https:\/\/oparanews.com.br\/?p=15534"},"modified":"2021-05-12T17:11:28","modified_gmt":"2021-05-12T17:11:28","slug":"agnaldo-timoteo-deixa-metade-da-heranca-para-filha-adotiva","status":"publish","type":"post","link":"https:\/\/www.oparanews.com.br\/index.php\/2021\/05\/12\/agnaldo-timoteo-deixa-metade-da-heranca-para-filha-adotiva\/","title":{"rendered":"Agnaldo Tim\u00f3teo deixa metade da heran\u00e7a para filha adotiva"},"content":{"rendered":"<p>Segundo informa\u00e7\u00f5es do jornal Extra, Agnaldo Tim\u00f3teo, que morreu aos 84 anos por complica\u00e7\u00f5es da Covid-19, fez um testamento antes de morrer, deixando metade de seu patrim\u00f4nio, avaliado em R$ 16 milh\u00f5es, para a flha Keyty Evelyn, de 14 anos. A garota foi criada pelo cantor desde os 2 anos de idade e acabou sendo a maior herdeira do cantor.<\/p>\n<p>O Extra ainda informa que, por vontade do cantor, os outros 50% da heran\u00e7a ser\u00e3o divididos entre dois afilhados (10% para cada um) e dois dos seus seis irm\u00e3os.<\/p>\n<p>Agnaldo nomeou como inventariante e tamb\u00e9m tuto da menina em sua aus\u00eancia, Sidney Lobo Pedroso, advogado e amigo do cantor h\u00e1 45 anos.<\/p>\n<p>Apesar do amor que tinha pela filha, a ado\u00e7\u00e3o da menina n\u00e3o chegou a ser formalizada, enquanto o m\u00fasico ainda estava com vida.<\/p>\n<p>No fim do ano passado, ap\u00f3s ter sofrido um AVC e ficar quase dois meses internado, ele solicitou que o advogado desse entrada no processo de ado\u00e7\u00e3o, que ocorreu em janeiro.<\/p>\n<p>&nbsp;<\/p>\n<p><strong>Fonte: ISTO\u00c9<\/strong><\/p>\n<p>&nbsp;<\/p>\n","protected":false},"excerpt":{"rendered":"<p>Segundo informa\u00e7\u00f5es do jornal Extra, Agnaldo Tim\u00f3teo, que morreu aos 84 anos por complica\u00e7\u00f5es da Covid-19, fez um testamento antes de morrer, deixando metade de seu patrim\u00f4nio, avaliado em R$ 16 milh\u00f5es, para a flha Keyty Evelyn, de 14 anos. A garota foi criada pelo cantor desde os 2 anos de idade e acabou sendo &hellip;<\/p>\n","protected":false},"author":1,"featured_media":15535,"comment_status":"closed","ping_status":"closed","sticky":false,"template":"","format":"standard","meta":{"_jetpack_newsletter_access":"","_jetpack_dont_email_post_to_subs":false,"_jetpack_newsletter_tier_id":0,"_jetpack_memberships_contains_paywalled_content":false,"_jetpack_memberships_contains_paid_content":false,"footnotes":""},"categories":[1],"tags":[],"class_list":["post-15534","post","type-post","status-publish","format-standard","has-post-thumbnail","hentry","category-destaque"],"jetpack_sharing_enabled":true,"jetpack_featured_media_url":"","_links":{"self":[{"href":"https:\/\/www.oparanews.com.br\/index.php\/wp-json\/wp\/v2\/posts\/15534","targetHints":{"allow":["GET"]}}],"collection":[{"href":"https:\/\/www.oparanews.com.br\/index.php\/wp-json\/wp\/v2\/posts"}],"about":[{"href":"https:\/\/www.oparanews.com.br\/index.php\/wp-json\/wp\/v2\/types\/post"}],"author":[{"embeddable":true,"href":"https:\/\/www.oparanews.com.br\/index.php\/wp-json\/wp\/v2\/users\/1"}],"replies":[{"embeddable":true,"href":"https:\/\/www.oparanews.com.br\/index.php\/wp-json\/wp\/v2\/comments?post=15534"}],"version-history":[{"count":0,"href":"https:\/\/www.oparanews.com.br\/index.php\/wp-json\/wp\/v2\/posts\/15534\/revisions"}],"wp:attachment":[{"href":"https:\/\/www.oparanews.com.br\/index.php\/wp-json\/wp\/v2\/media?parent=15534"}],"wp:term":[{"taxonomy":"category","embeddable":true,"href":"https:\/\/www.oparanews.com.br\/index.php\/wp-json\/wp\/v2\/categories?post=15534"},{"taxonomy":"post_tag","embeddable":true,"href":"https:\/\/www.oparanews.com.br\/index.php\/wp-json\/wp\/v2\/tags?post=15534"}],"curies":[{"name":"wp","href":"https:\/\/api.w.org\/{rel}","templated":true}]}}