{"id":15540,"date":"2021-05-12T17:16:16","date_gmt":"2021-05-12T17:16:16","guid":{"rendered":"https:\/\/oparanews.com.br\/?p=15540"},"modified":"2021-05-12T17:16:16","modified_gmt":"2021-05-12T17:16:16","slug":"palmeiras-vence-o-del-valle-e-garante-vaga-nas-oitavas","status":"publish","type":"post","link":"https:\/\/www.oparanews.com.br\/index.php\/2021\/05\/12\/palmeiras-vence-o-del-valle-e-garante-vaga-nas-oitavas\/","title":{"rendered":"Palmeiras vence o Del Valle e garante vaga nas oitavas"},"content":{"rendered":"<p>Nesta ter\u00e7a-feira, o Palmeiras visitou o Independiente del Valle e venceu por 1 a 0, no Est\u00e1dio Casa Blanca, em jogo v\u00e1lido pela quarta rodada do grupo A da Libertadores. Com um gol de p\u00eanalti marcado por Raphael Veiga, o Verd\u00e3o garantiu a sua vaga nas oitavas de final da competi\u00e7\u00e3o.<\/p>\n<p>O primeiro tempo foi de muita disputa, mas pouco futebol. Na \u00fanica chegada, o Palmeiras marcou, com Raphael Veiga batendo p\u00eanalti. O panorama n\u00e3o mudou na etapa final, com o Del Valle dominando a posse, mas parando no s\u00f3lido sistema defensivo do Palmeiras.<\/p>\n<p>Com o resultado, o Palmeiras chegou aos 12 pontos, na lideran\u00e7a isolada do grupo. Na sexta-feira, o time enfrenta o Red Bull Bragantino, fora de casa, \u00e0s 19h30, pelas oitavas do Paulist\u00e3o. O pr\u00f3ximo compromisso do Alviverde pela Libertadores \u00e9 contra o Defensa y Justicia, no Allianz Parque, na ter\u00e7a da semana que vem, \u00e0s 19h15. Enquanto isso, o Del Valle estacionou nos quatro pontos, na terceira coloca\u00e7\u00e3o.<\/p>\n<p>&nbsp;<\/p>\n<p><strong>Fonte: Gazeta Esportiva<\/strong><\/p>\n<p>&nbsp;<\/p>\n","protected":false},"excerpt":{"rendered":"<p>Nesta ter\u00e7a-feira, o Palmeiras visitou o Independiente del Valle e venceu por 1 a 0, no Est\u00e1dio Casa Blanca, em jogo v\u00e1lido pela quarta rodada do grupo A da Libertadores. Com um gol de p\u00eanalti marcado por Raphael Veiga, o Verd\u00e3o garantiu a sua vaga nas oitavas de final da competi\u00e7\u00e3o. O primeiro tempo foi &hellip;<\/p>\n","protected":false},"author":1,"featured_media":15541,"comment_status":"closed","ping_status":"closed","sticky":false,"template":"","format":"standard","meta":{"_jetpack_newsletter_access":"","_jetpack_dont_email_post_to_subs":false,"_jetpack_newsletter_tier_id":0,"_jetpack_memberships_contains_paywalled_content":false,"_jetpack_memberships_contains_paid_content":false,"footnotes":""},"categories":[1],"tags":[],"class_list":["post-15540","post","type-post","status-publish","format-standard","has-post-thumbnail","hentry","category-destaque"],"jetpack_sharing_enabled":true,"jetpack_featured_media_url":"","_links":{"self":[{"href":"https:\/\/www.oparanews.com.br\/index.php\/wp-json\/wp\/v2\/posts\/15540","targetHints":{"allow":["GET"]}}],"collection":[{"href":"https:\/\/www.oparanews.com.br\/index.php\/wp-json\/wp\/v2\/posts"}],"about":[{"href":"https:\/\/www.oparanews.com.br\/index.php\/wp-json\/wp\/v2\/types\/post"}],"author":[{"embeddable":true,"href":"https:\/\/www.oparanews.com.br\/index.php\/wp-json\/wp\/v2\/users\/1"}],"replies":[{"embeddable":true,"href":"https:\/\/www.oparanews.com.br\/index.php\/wp-json\/wp\/v2\/comments?post=15540"}],"version-history":[{"count":0,"href":"https:\/\/www.oparanews.com.br\/index.php\/wp-json\/wp\/v2\/posts\/15540\/revisions"}],"wp:attachment":[{"href":"https:\/\/www.oparanews.com.br\/index.php\/wp-json\/wp\/v2\/media?parent=15540"}],"wp:term":[{"taxonomy":"category","embeddable":true,"href":"https:\/\/www.oparanews.com.br\/index.php\/wp-json\/wp\/v2\/categories?post=15540"},{"taxonomy":"post_tag","embeddable":true,"href":"https:\/\/www.oparanews.com.br\/index.php\/wp-json\/wp\/v2\/tags?post=15540"}],"curies":[{"name":"wp","href":"https:\/\/api.w.org\/{rel}","templated":true}]}}