{"id":15546,"date":"2021-05-12T17:21:11","date_gmt":"2021-05-12T17:21:11","guid":{"rendered":"https:\/\/oparanews.com.br\/?p=15546"},"modified":"2021-05-12T17:21:11","modified_gmt":"2021-05-12T17:21:11","slug":"farmacia-central-da-sems-penedo-recebe-novo-estoque-de-medicamentos","status":"publish","type":"post","link":"https:\/\/www.oparanews.com.br\/index.php\/2021\/05\/12\/farmacia-central-da-sems-penedo-recebe-novo-estoque-de-medicamentos\/","title":{"rendered":"Farm\u00e1cia Central da SEMS Penedo recebe novo estoque de medicamentos"},"content":{"rendered":"<p>A Farm\u00e1cia Central de Penedo, setor de responsabilidade da Secretaria Municipal de Sa\u00fade (SEMS), recebeu mais uma remessa de medicamentos atrav\u00e9s do Cons\u00f3rcio Intermunicipal do Sul de Alagoas, o Conisul.<\/p>\n<p>A entrega dos itens regulariza a distribui\u00e7\u00e3o de rem\u00e9dios que s\u00e3o repassados aos postos de sa\u00fade ou ficam dispon\u00edveis para a popula\u00e7\u00e3o, mediante apresenta\u00e7\u00e3o de receita m\u00e9dica.<\/p>\n<p>Al\u00e9m de medicamentos para controle de doen\u00e7as como hipertens\u00e3o, diabetes e asma, a Farm\u00e1cia Central recebeu antibi\u00f3ticos, anti-inflamat\u00f3rios, antidepressivos, ansiol\u00edticos e outros tipos de rem\u00e9dios.<\/p>\n<p>No \u00faltimo dia 27, a Farm\u00e1cia Central j\u00e1 havia recebido medicamentos que estavam em atraso, obtidos por meio de processo de compra emergencial realizado pela Secretaria Municipal de Sa\u00fade.<\/p>\n<p>\u201cCom o recebimento desta \u00faltima remessa, ser\u00e1 poss\u00edvel promover a normalidade no fornecimento dos medicamentos de fundamental import\u00e2ncia para os pacientes assistidos pela Farm\u00e1cia Central pelos pr\u00f3ximos meses\u201d, ressaltou \u00c2ngelo Mendes, Coordenador da Assist\u00eancia Farmac\u00eautica da SEMS Penedo.<\/p>\n<p>A Farm\u00e1cia Central funciona ao lado da UPA, das 7h \u00e0s 19h, local onde a distribui\u00e7\u00e3o dos rem\u00e9dios \u00e9 feita apenas com apresenta\u00e7\u00e3o de receita m\u00e9dica.<\/p>\n<p>&nbsp;<\/p>\n<p><strong>por Aline Br\u00e1s \u2013 Assessoria SEMS Penedo<\/strong><\/p>\n<p>&nbsp;<\/p>\n","protected":false},"excerpt":{"rendered":"<p>A Farm\u00e1cia Central de Penedo, setor de responsabilidade da Secretaria Municipal de Sa\u00fade (SEMS), recebeu mais uma remessa de medicamentos atrav\u00e9s do Cons\u00f3rcio Intermunicipal do Sul de Alagoas, o Conisul. A entrega dos itens regulariza a distribui\u00e7\u00e3o de rem\u00e9dios que s\u00e3o repassados aos postos de sa\u00fade ou ficam dispon\u00edveis para a popula\u00e7\u00e3o, mediante apresenta\u00e7\u00e3o de &hellip;<\/p>\n","protected":false},"author":1,"featured_media":15547,"comment_status":"closed","ping_status":"closed","sticky":false,"template":"","format":"standard","meta":{"_jetpack_newsletter_access":"","_jetpack_dont_email_post_to_subs":false,"_jetpack_newsletter_tier_id":0,"_jetpack_memberships_contains_paywalled_content":false,"_jetpack_memberships_contains_paid_content":false,"footnotes":""},"categories":[1],"tags":[],"class_list":["post-15546","post","type-post","status-publish","format-standard","has-post-thumbnail","hentry","category-destaque"],"jetpack_sharing_enabled":true,"jetpack_featured_media_url":"","_links":{"self":[{"href":"https:\/\/www.oparanews.com.br\/index.php\/wp-json\/wp\/v2\/posts\/15546","targetHints":{"allow":["GET"]}}],"collection":[{"href":"https:\/\/www.oparanews.com.br\/index.php\/wp-json\/wp\/v2\/posts"}],"about":[{"href":"https:\/\/www.oparanews.com.br\/index.php\/wp-json\/wp\/v2\/types\/post"}],"author":[{"embeddable":true,"href":"https:\/\/www.oparanews.com.br\/index.php\/wp-json\/wp\/v2\/users\/1"}],"replies":[{"embeddable":true,"href":"https:\/\/www.oparanews.com.br\/index.php\/wp-json\/wp\/v2\/comments?post=15546"}],"version-history":[{"count":0,"href":"https:\/\/www.oparanews.com.br\/index.php\/wp-json\/wp\/v2\/posts\/15546\/revisions"}],"wp:attachment":[{"href":"https:\/\/www.oparanews.com.br\/index.php\/wp-json\/wp\/v2\/media?parent=15546"}],"wp:term":[{"taxonomy":"category","embeddable":true,"href":"https:\/\/www.oparanews.com.br\/index.php\/wp-json\/wp\/v2\/categories?post=15546"},{"taxonomy":"post_tag","embeddable":true,"href":"https:\/\/www.oparanews.com.br\/index.php\/wp-json\/wp\/v2\/tags?post=15546"}],"curies":[{"name":"wp","href":"https:\/\/api.w.org\/{rel}","templated":true}]}}