{"id":15549,"date":"2021-05-12T17:21:55","date_gmt":"2021-05-12T17:21:55","guid":{"rendered":"https:\/\/oparanews.com.br\/?p=15549"},"modified":"2021-05-12T17:21:55","modified_gmt":"2021-05-12T17:21:55","slug":"parado-ha-14-meses-setor-de-eventos-repudia-fala-do-governo","status":"publish","type":"post","link":"https:\/\/www.oparanews.com.br\/index.php\/2021\/05\/12\/parado-ha-14-meses-setor-de-eventos-repudia-fala-do-governo\/","title":{"rendered":"Parado h\u00e1 14 meses, setor de eventos repudia fala do Governo"},"content":{"rendered":"<p>Com as atividades restritas desde mar\u00e7o de 2020, o setor de eventos, mais uma vez, ficou de fora do processo lento de flexibiliza\u00e7\u00e3o das atividades econ\u00f4micas, adotado pelo Governo do Estado. O novo decreto, que prorroga a fase vermelha em Alagoas por mais duas semanas, n\u00e3o contempla o segmento. Para piorar, quem milita nesta causa est\u00e1 na bronca com algumas declara\u00e7\u00f5es do governador. Uma nota de rep\u00fadio da Comiss\u00e3o de Eventos foi divulgada nas redes sociais.<\/p>\n<p>De acordo com o grupo, durante transmiss\u00e3o ao vivo, nessa ter\u00e7a-feira (11), Renan Filho (MDB) classificou o setor de eventos \u201cde atividade eventual, como o pr\u00f3prio nome exemplifica\u201d, declara\u00e7\u00e3o que n\u00e3o foi bem recebida pelos empres\u00e1rios e artistas. Eles dizem estar desamparados e sem nenhuma perspectiva de retorno dos servi\u00e7os.<\/p>\n<p>A ACAL [Assessoria e Cerimoniais de Alagoas], assim como os demais representantes do segmento, diz, na nota, repudiar o que considera como declara\u00e7\u00f5es \u201cdesastrosas, desumanas e desrespeitosas\u201d do governador.<\/p>\n<p>\u201cN\u00f3s entendemos que estamos passando por uma situa\u00e7\u00e3o completamente at\u00edpica. A pandemia pegou o mundo despreparado e, no decorrer dos meses, pa\u00edses, estados e munic\u00edpios foram se ajustando e encontrando medidas satisfat\u00f3rias, respons\u00e1veis e vi\u00e1veis para atingir, no sentido amplo da palavra, toda a cadeia produtiva\u201d, destaca um trecho da publica\u00e7\u00e3o.<\/p>\n<p>Na mesma postagem, o setor de eventos cobra do Governo do Estado a abertura do canal de di\u00e1logo, por meio do qual ser\u00e3o discutidos os caminhos para a retomada gradual e segura, al\u00e9m de expor a defini\u00e7\u00e3o dos eventos.<\/p>\n<p>\u201cA come\u00e7ar pela defini\u00e7\u00e3o lingu\u00edstica, evento \u00e9 o componente do mix de comunica\u00e7\u00e3o que tem como objetivo minimizar esfor\u00e7os, fazendo uso da sua capacidade sin\u00e9rgica, da qual disp\u00f5em o poder expressivo no intuito de engajar pessoas numa ideia ou a\u00e7\u00e3o, enquanto, eventual \u00e9 algo incerto, casual, fortuito, poss\u00edvel, mas incerto. Deixamos claro que n\u00e3o possuem semelhan\u00e7a, a n\u00e3o ser nas primeiras cinco letras (event&#8230;). Fora isso, seus significados s\u00e3o distintos\u201d, explica a nota.<\/p>\n<p>Os empres\u00e1rios defendem que o di\u00e1logo \u00e9 o principal canal para se chegar a solu\u00e7\u00f5es compat\u00edveis. \u201cNosso setor j\u00e1 colapsou e, talvez, n\u00e3o esteja havendo conhecimento por parte do governo por achar que somos oriundos de a\u00e7\u00f5es fortuitas. Acredite, n\u00e3o somos! Somos todos os anivers\u00e1rios, casamentos, celebra\u00e7\u00f5es sociais, acad\u00eamicas, cientificas, religiosas, coletivas de imprensa, posses de pessoas p\u00fablicas, dentre outros\u201d, refor\u00e7a.<\/p>\n<p>&nbsp;<\/p>\n<p><strong>Fonte: Gazetaweb<\/strong><\/p>\n<p>&nbsp;<\/p>\n","protected":false},"excerpt":{"rendered":"<p>Com as atividades restritas desde mar\u00e7o de 2020, o setor de eventos, mais uma vez, ficou de fora do processo lento de flexibiliza\u00e7\u00e3o das atividades econ\u00f4micas, adotado pelo Governo do Estado. O novo decreto, que prorroga a fase vermelha em Alagoas por mais duas semanas, n\u00e3o contempla o segmento. Para piorar, quem milita nesta causa &hellip;<\/p>\n","protected":false},"author":1,"featured_media":15550,"comment_status":"closed","ping_status":"closed","sticky":false,"template":"","format":"standard","meta":{"_jetpack_newsletter_access":"","_jetpack_dont_email_post_to_subs":false,"_jetpack_newsletter_tier_id":0,"_jetpack_memberships_contains_paywalled_content":false,"_jetpack_memberships_contains_paid_content":false,"footnotes":""},"categories":[1],"tags":[],"class_list":["post-15549","post","type-post","status-publish","format-standard","has-post-thumbnail","hentry","category-destaque"],"jetpack_sharing_enabled":true,"jetpack_featured_media_url":"","_links":{"self":[{"href":"https:\/\/www.oparanews.com.br\/index.php\/wp-json\/wp\/v2\/posts\/15549","targetHints":{"allow":["GET"]}}],"collection":[{"href":"https:\/\/www.oparanews.com.br\/index.php\/wp-json\/wp\/v2\/posts"}],"about":[{"href":"https:\/\/www.oparanews.com.br\/index.php\/wp-json\/wp\/v2\/types\/post"}],"author":[{"embeddable":true,"href":"https:\/\/www.oparanews.com.br\/index.php\/wp-json\/wp\/v2\/users\/1"}],"replies":[{"embeddable":true,"href":"https:\/\/www.oparanews.com.br\/index.php\/wp-json\/wp\/v2\/comments?post=15549"}],"version-history":[{"count":0,"href":"https:\/\/www.oparanews.com.br\/index.php\/wp-json\/wp\/v2\/posts\/15549\/revisions"}],"wp:attachment":[{"href":"https:\/\/www.oparanews.com.br\/index.php\/wp-json\/wp\/v2\/media?parent=15549"}],"wp:term":[{"taxonomy":"category","embeddable":true,"href":"https:\/\/www.oparanews.com.br\/index.php\/wp-json\/wp\/v2\/categories?post=15549"},{"taxonomy":"post_tag","embeddable":true,"href":"https:\/\/www.oparanews.com.br\/index.php\/wp-json\/wp\/v2\/tags?post=15549"}],"curies":[{"name":"wp","href":"https:\/\/api.w.org\/{rel}","templated":true}]}}