{"id":15558,"date":"2021-05-12T17:36:17","date_gmt":"2021-05-12T17:36:17","guid":{"rendered":"https:\/\/oparanews.com.br\/?p=15558"},"modified":"2021-05-12T17:36:17","modified_gmt":"2021-05-12T17:36:17","slug":"justin-bieber-sera-atracao-do-rock-in-rio-em-2022","status":"publish","type":"post","link":"https:\/\/www.oparanews.com.br\/index.php\/2021\/05\/12\/justin-bieber-sera-atracao-do-rock-in-rio-em-2022\/","title":{"rendered":"Justin Bieber ser\u00e1 atra\u00e7\u00e3o do Rock In Rio em 2022"},"content":{"rendered":"<p>De acordo com jornal Extra, o astro pop canadense Justin Bieber acertou sua presen\u00e7a no Rock In Rio Brasil que foi adiado para setembro de 2022. Esta ser\u00e1 a primeira participa\u00e7\u00e3o do cantor no festival.<\/p>\n<p>Justin Bieber, que lan\u00e7ou recentemente o \u00e1lbum &#8220;Justice&#8221; pela Universal Music, via Def Jam, conta com mais de 170 milh\u00f5es de seguidores no Instagram. Ele j\u00e1 esteve em solo brasileiro por tr\u00eas vezes, em 2011, 2013 e 2017.<\/p>\n<p>Bieber participou recentemente de uma festa no reality show &#8220;BBB 21&#8221; da Rede Globo.<\/p>\n<p>&nbsp;<\/p>\n<p><strong>Fonte: IG<\/strong><\/p>\n<p>&nbsp;<\/p>\n","protected":false},"excerpt":{"rendered":"<p>De acordo com jornal Extra, o astro pop canadense Justin Bieber acertou sua presen\u00e7a no Rock In Rio Brasil que foi adiado para setembro de 2022. Esta ser\u00e1 a primeira participa\u00e7\u00e3o do cantor no festival. Justin Bieber, que lan\u00e7ou recentemente o \u00e1lbum &#8220;Justice&#8221; pela Universal Music, via Def Jam, conta com mais de 170 milh\u00f5es &hellip;<\/p>\n","protected":false},"author":1,"featured_media":15559,"comment_status":"closed","ping_status":"closed","sticky":false,"template":"","format":"standard","meta":{"_jetpack_newsletter_access":"","_jetpack_dont_email_post_to_subs":false,"_jetpack_newsletter_tier_id":0,"_jetpack_memberships_contains_paywalled_content":false,"_jetpack_memberships_contains_paid_content":false,"footnotes":""},"categories":[1],"tags":[],"class_list":["post-15558","post","type-post","status-publish","format-standard","has-post-thumbnail","hentry","category-destaque"],"jetpack_sharing_enabled":true,"jetpack_featured_media_url":"","_links":{"self":[{"href":"https:\/\/www.oparanews.com.br\/index.php\/wp-json\/wp\/v2\/posts\/15558","targetHints":{"allow":["GET"]}}],"collection":[{"href":"https:\/\/www.oparanews.com.br\/index.php\/wp-json\/wp\/v2\/posts"}],"about":[{"href":"https:\/\/www.oparanews.com.br\/index.php\/wp-json\/wp\/v2\/types\/post"}],"author":[{"embeddable":true,"href":"https:\/\/www.oparanews.com.br\/index.php\/wp-json\/wp\/v2\/users\/1"}],"replies":[{"embeddable":true,"href":"https:\/\/www.oparanews.com.br\/index.php\/wp-json\/wp\/v2\/comments?post=15558"}],"version-history":[{"count":0,"href":"https:\/\/www.oparanews.com.br\/index.php\/wp-json\/wp\/v2\/posts\/15558\/revisions"}],"wp:attachment":[{"href":"https:\/\/www.oparanews.com.br\/index.php\/wp-json\/wp\/v2\/media?parent=15558"}],"wp:term":[{"taxonomy":"category","embeddable":true,"href":"https:\/\/www.oparanews.com.br\/index.php\/wp-json\/wp\/v2\/categories?post=15558"},{"taxonomy":"post_tag","embeddable":true,"href":"https:\/\/www.oparanews.com.br\/index.php\/wp-json\/wp\/v2\/tags?post=15558"}],"curies":[{"name":"wp","href":"https:\/\/api.w.org\/{rel}","templated":true}]}}