{"id":15561,"date":"2021-05-12T23:47:16","date_gmt":"2021-05-12T23:47:16","guid":{"rendered":"https:\/\/oparanews.com.br\/?p=15561"},"modified":"2021-05-12T23:47:16","modified_gmt":"2021-05-12T23:47:16","slug":"alagoas-confirma-684-novos-casos-de-covid-e-16-mortes","status":"publish","type":"post","link":"https:\/\/www.oparanews.com.br\/index.php\/2021\/05\/12\/alagoas-confirma-684-novos-casos-de-covid-e-16-mortes\/","title":{"rendered":"Alagoas confirma 684 novos casos de Covid e 16 mortes"},"content":{"rendered":"<p>A Secretaria de Estado da Sa\u00fade (Sesau) confirmou 684 novos casos de Covid-19 em Alagoas. Os n\u00fameros do Boletim Epidemiol\u00f3gico desta quarta-feira (12) mostram ainda que foram registradas 16 mortes por causa da doen\u00e7a, nas \u00faltimas 24 horas.<\/p>\n<p>Desde o in\u00edcio da pandemia, o estado contabiliza 181.659 casos confirmados e 4.429 \u00f3bitos provocados pela doen\u00e7a. Do total de casos, 173.184 pacientes finalizaram o per\u00edodo de isolamento, n\u00e3o apresentam mais sintomas e, portanto, est\u00e3o recuperados da doen\u00e7a.<\/p>\n<p>H\u00e1 13.293 casos em investiga\u00e7\u00e3o laboratorial.<\/p>\n<p>Dos 1.416 leitos criados para atender, exclusivamente, pacientes com suspeita e confirma\u00e7\u00e3o de infec\u00e7\u00e3o pelo novo coronav\u00edrus, 657 estavam ocupados at\u00e9 \u00e0s 16h de ter\u00e7a (11), o que corresponde a 46% do total. J\u00e1 a taxa de ocupa\u00e7\u00e3o dos leitos de UTI \u00e9 de 74%.<\/p>\n<p><strong>Mais 16 mortes por Covid<\/strong><\/p>\n<p>Macei\u00f3: Homem, 56 anos &#8211; obeso, hipertenso<br \/>\nMacei\u00f3: Mulher, 49 anos &#8211; sem comorbidades<br \/>\nMacei\u00f3: Mulher, 67 anos &#8211; diab\u00e9tica, hipertensa<br \/>\nMacei\u00f3: Mulher, 75 anos &#8211; sem comorbidades<br \/>\nMacei\u00f3: Mulher, 89 anos &#8211; doen\u00e7a cardiovascular<br \/>\nSatuba: Homem, 30 anos &#8211; sem comorbidades<br \/>\nArapiraca: Homem, 61 anos &#8211; diab\u00e9tico<br \/>\nPia\u00e7abu\u00e7u: Homem, 62 anos &#8211; sem comorbidades<br \/>\nPia\u00e7abu\u00e7u: Homem, 73 anos &#8211; sem comorbidades<br \/>\nUni\u00e3o dos Palmares: Homem, 68 anos &#8211; hipertenso<br \/>\nRio Largo: Homem, 72 anos &#8211; tinha c\u00e2ncer<br \/>\nSantana do Ipanema: Homem, 85 anos &#8211; diab\u00e9tico e morreu<br \/>\nPenedo: Mulher, 49 anos &#8211; tinha tuberculose pulmonar tratada, leucemia mieloide aguda<br \/>\nDelmiro Gouveia: Mulher, 62 anos &#8211; diab\u00e9tica<br \/>\nCra\u00edbas: Mulher, 69 anos &#8211; hipertensa e diab\u00e9tica<br \/>\nRio Largo: Mulher, 73 anos &#8211; sem comorbidades<\/p>\n<p>&nbsp;<\/p>\n<p><strong>Fonte: G1\/AL<\/strong><\/p>\n<p>&nbsp;<\/p>\n","protected":false},"excerpt":{"rendered":"<p>A Secretaria de Estado da Sa\u00fade (Sesau) confirmou 684 novos casos de Covid-19 em Alagoas. Os n\u00fameros do Boletim Epidemiol\u00f3gico desta quarta-feira (12) mostram ainda que foram registradas 16 mortes por causa da doen\u00e7a, nas \u00faltimas 24 horas. Desde o in\u00edcio da pandemia, o estado contabiliza 181.659 casos confirmados e 4.429 \u00f3bitos provocados pela doen\u00e7a. &hellip;<\/p>\n","protected":false},"author":1,"featured_media":6872,"comment_status":"closed","ping_status":"closed","sticky":false,"template":"","format":"standard","meta":{"_jetpack_newsletter_access":"","_jetpack_dont_email_post_to_subs":false,"_jetpack_newsletter_tier_id":0,"_jetpack_memberships_contains_paywalled_content":false,"_jetpack_memberships_contains_paid_content":false,"footnotes":""},"categories":[1],"tags":[],"class_list":["post-15561","post","type-post","status-publish","format-standard","has-post-thumbnail","hentry","category-destaque"],"jetpack_sharing_enabled":true,"jetpack_featured_media_url":"","_links":{"self":[{"href":"https:\/\/www.oparanews.com.br\/index.php\/wp-json\/wp\/v2\/posts\/15561","targetHints":{"allow":["GET"]}}],"collection":[{"href":"https:\/\/www.oparanews.com.br\/index.php\/wp-json\/wp\/v2\/posts"}],"about":[{"href":"https:\/\/www.oparanews.com.br\/index.php\/wp-json\/wp\/v2\/types\/post"}],"author":[{"embeddable":true,"href":"https:\/\/www.oparanews.com.br\/index.php\/wp-json\/wp\/v2\/users\/1"}],"replies":[{"embeddable":true,"href":"https:\/\/www.oparanews.com.br\/index.php\/wp-json\/wp\/v2\/comments?post=15561"}],"version-history":[{"count":0,"href":"https:\/\/www.oparanews.com.br\/index.php\/wp-json\/wp\/v2\/posts\/15561\/revisions"}],"wp:attachment":[{"href":"https:\/\/www.oparanews.com.br\/index.php\/wp-json\/wp\/v2\/media?parent=15561"}],"wp:term":[{"taxonomy":"category","embeddable":true,"href":"https:\/\/www.oparanews.com.br\/index.php\/wp-json\/wp\/v2\/categories?post=15561"},{"taxonomy":"post_tag","embeddable":true,"href":"https:\/\/www.oparanews.com.br\/index.php\/wp-json\/wp\/v2\/tags?post=15561"}],"curies":[{"name":"wp","href":"https:\/\/api.w.org\/{rel}","templated":true}]}}