{"id":15566,"date":"2021-05-12T23:59:01","date_gmt":"2021-05-12T23:59:01","guid":{"rendered":"https:\/\/oparanews.com.br\/?p=15566"},"modified":"2021-05-12T23:59:01","modified_gmt":"2021-05-12T23:59:01","slug":"mario-frias-passa-por-cateterismo-de-emergencia-em-brasilia","status":"publish","type":"post","link":"https:\/\/www.oparanews.com.br\/index.php\/2021\/05\/12\/mario-frias-passa-por-cateterismo-de-emergencia-em-brasilia\/","title":{"rendered":"Mario Frias passa por cateterismo de emerg\u00eancia em Bras\u00edlia"},"content":{"rendered":"<p>O secret\u00e1rio especial de Cultura do governo federal, Mario Frias, de 49 anos, passou por um cateterismo de emerg\u00eancia, em um hospital particular de Bras\u00edlia, no fim da tarde nesta quarta-feira (12). Um boletim m\u00e9dico divulgado pela Secretaria de Comunica\u00e7\u00e3o da Presid\u00eancia afirma que ele &#8220;encontra-se em observa\u00e7\u00e3o m\u00e9dica, no Hospital de Bras\u00edlia, e se recupera bem&#8221;.<\/p>\n<p>Segundo a Secretaria Especial de Cultura, Frias sofreu angina (obstru\u00e7\u00e3o de art\u00e9ria) aguda e suspeita de princ\u00edpio de infarto. Esta \u00e9 a segunda vez que o secret\u00e1rio \u00e9 atendido com problemas card\u00edacos em menos de seis meses.<\/p>\n<p>Em dezembro do ano passado, ele tamb\u00e9m foi hospitalizado ap\u00f3s sofrer um &#8220;princ\u00edpio de infarto&#8221;. \u00c0 \u00e9poca, a Secom informou que Frias foi submetido a um cateterismo e colocou dois stents \u2013 pequenos tubos de metal que se expandem para regular o fluxo de sangue.<\/p>\n<p>Nesta quarta, a secretaria informou que ele &#8220;segue internado e ser\u00e1 submetido a exames de modo a descartar eventuais sequelas card\u00edacas. Novas informa\u00e7\u00f5es m\u00e9dicas ser\u00e3o repassadas conforme boletim m\u00e9dico previsto amanh\u00e3&#8221;.<\/p>\n<p>Mario Frias foi nomeado secret\u00e1rio de Cultura em 19 de junho de 2020. O ator sucedeu no cargo a tamb\u00e9m atriz Regina Duarte, que permaneceu \u00e0 frente da secretaria por menos de dois meses.<\/p>\n<p>&nbsp;<\/p>\n<p><strong>Fonte: G1<\/strong><\/p>\n<p>&nbsp;<\/p>\n","protected":false},"excerpt":{"rendered":"<p>O secret\u00e1rio especial de Cultura do governo federal, Mario Frias, de 49 anos, passou por um cateterismo de emerg\u00eancia, em um hospital particular de Bras\u00edlia, no fim da tarde nesta quarta-feira (12). Um boletim m\u00e9dico divulgado pela Secretaria de Comunica\u00e7\u00e3o da Presid\u00eancia afirma que ele &#8220;encontra-se em observa\u00e7\u00e3o m\u00e9dica, no Hospital de Bras\u00edlia, e se &hellip;<\/p>\n","protected":false},"author":1,"featured_media":15567,"comment_status":"closed","ping_status":"closed","sticky":false,"template":"","format":"standard","meta":{"_jetpack_newsletter_access":"","_jetpack_dont_email_post_to_subs":false,"_jetpack_newsletter_tier_id":0,"_jetpack_memberships_contains_paywalled_content":false,"_jetpack_memberships_contains_paid_content":false,"footnotes":""},"categories":[1],"tags":[],"class_list":["post-15566","post","type-post","status-publish","format-standard","has-post-thumbnail","hentry","category-destaque"],"jetpack_sharing_enabled":true,"jetpack_featured_media_url":"","_links":{"self":[{"href":"https:\/\/www.oparanews.com.br\/index.php\/wp-json\/wp\/v2\/posts\/15566","targetHints":{"allow":["GET"]}}],"collection":[{"href":"https:\/\/www.oparanews.com.br\/index.php\/wp-json\/wp\/v2\/posts"}],"about":[{"href":"https:\/\/www.oparanews.com.br\/index.php\/wp-json\/wp\/v2\/types\/post"}],"author":[{"embeddable":true,"href":"https:\/\/www.oparanews.com.br\/index.php\/wp-json\/wp\/v2\/users\/1"}],"replies":[{"embeddable":true,"href":"https:\/\/www.oparanews.com.br\/index.php\/wp-json\/wp\/v2\/comments?post=15566"}],"version-history":[{"count":0,"href":"https:\/\/www.oparanews.com.br\/index.php\/wp-json\/wp\/v2\/posts\/15566\/revisions"}],"wp:attachment":[{"href":"https:\/\/www.oparanews.com.br\/index.php\/wp-json\/wp\/v2\/media?parent=15566"}],"wp:term":[{"taxonomy":"category","embeddable":true,"href":"https:\/\/www.oparanews.com.br\/index.php\/wp-json\/wp\/v2\/categories?post=15566"},{"taxonomy":"post_tag","embeddable":true,"href":"https:\/\/www.oparanews.com.br\/index.php\/wp-json\/wp\/v2\/tags?post=15566"}],"curies":[{"name":"wp","href":"https:\/\/api.w.org\/{rel}","templated":true}]}}