{"id":15569,"date":"2021-05-13T00:04:50","date_gmt":"2021-05-13T00:04:50","guid":{"rendered":"https:\/\/oparanews.com.br\/?p=15569"},"modified":"2021-05-13T00:04:50","modified_gmt":"2021-05-13T00:04:50","slug":"novo-contratado-da-globo-gil-tera-quadro-no-encontro","status":"publish","type":"post","link":"https:\/\/www.oparanews.com.br\/index.php\/2021\/05\/13\/novo-contratado-da-globo-gil-tera-quadro-no-encontro\/","title":{"rendered":"Novo contratado da Globo, Gil ter\u00e1 quadro no &#8216;Encontro&#8217;"},"content":{"rendered":"<p>Gil do Vigor \u00e9 o mais novo contratado da Globo e j\u00e1 tem um destino certo no canal. O economista far\u00e1 parte da equipe do Encontro com F\u00e1tima Bernardes, segundo informa\u00e7\u00f5es obtidas pelo jornal Extra.<\/p>\n<p>O agora ex-BBB ter\u00e1 um quadro na atra\u00e7\u00e3o, mas os detalhes ainda est\u00e3o sendo mantidos em total sigilo. Com a novidade, ele repetir\u00e1 a trajet\u00f3ria de Jean Wyllys, que venceu o BBB 5 e, ap\u00f3s sair do reality, virou rep\u00f3rter do Mais Voc\u00ea.<\/p>\n<p>Na \u00faltima segunda-feira (10), Gil do Vigor esteve no Encontro como convidado e divertiu o p\u00fablico ao revelar bastidores da grava\u00e7\u00e3o do BBB 101, o reencontro dos participantes na casa, e tamb\u00e9m por ter comentado sobre a estreia de No Limite.<\/p>\n<p>Ontem, quando foi divulgada a contrata\u00e7\u00e3o, a emissora carioca afirmou que os projetos para o doutorando em Economia ainda est\u00e3o em desenvolvimento, e, em breve, ser\u00e3o anunciados.<\/p>\n<p>O canal garantiu que ele vai seguir os estudos de seu p\u00f3s-doutorado na Universidade da Calif\u00f3rnia em Davis, nos Estados Unidos, a partir de setembro. Por\u00e9m, at\u00e9 l\u00e1, Gil do Vigor ter\u00e1 tempo para se dedicar aos novos planos na Globo e tamb\u00e9m colher os frutos de mais um trabalho que promete surpreender os f\u00e3s.<\/p>\n<p>\u201cEu estou muito chique, Brasil! J\u00e1 viram isso? Eu fui contratado pela TV Globo, com crach\u00e1 e tudo! Queria muito contar. Eu estava me segurando porque sou fofoqueiro, mas essa fofoca eu guardei! (risos). Eu estou regozijado demais\u201d, disse o ex-BBB na legenda da postagem feita no Instagram.<\/p>\n<p>A Globo tamb\u00e9m anunciou a novidade nas suas redes sociais. \u201cVigorosos e vigorentos, parece que temos funcion\u00e1rio novo na casa! Ningu\u00e9m segura mais esse Gil, Brasil! Vem espalhar esse vigor por aqui e seja muito bem-vindo ao time\u201d, declarou o canal.<\/p>\n<p>Gil foi o \u00faltimo eliminado do BBB 2021 antes da final entre Fiuk, Camilla de Lucas e Juliette, vencedora do programa. Desde a sua sa\u00edda, ele vem fazendo sucesso nas redes sociais e tamb\u00e9m por onde passa nos programas da Globo.<\/p>\n<p>&nbsp;<\/p>\n<p><strong>Fonte: RD1<\/strong><\/p>\n<p>&nbsp;<\/p>\n","protected":false},"excerpt":{"rendered":"<p>Gil do Vigor \u00e9 o mais novo contratado da Globo e j\u00e1 tem um destino certo no canal. O economista far\u00e1 parte da equipe do Encontro com F\u00e1tima Bernardes, segundo informa\u00e7\u00f5es obtidas pelo jornal Extra. O agora ex-BBB ter\u00e1 um quadro na atra\u00e7\u00e3o, mas os detalhes ainda est\u00e3o sendo mantidos em total sigilo. Com a &hellip;<\/p>\n","protected":false},"author":1,"featured_media":15570,"comment_status":"closed","ping_status":"closed","sticky":false,"template":"","format":"standard","meta":{"_jetpack_newsletter_access":"","_jetpack_dont_email_post_to_subs":false,"_jetpack_newsletter_tier_id":0,"_jetpack_memberships_contains_paywalled_content":false,"_jetpack_memberships_contains_paid_content":false,"footnotes":""},"categories":[1],"tags":[],"class_list":["post-15569","post","type-post","status-publish","format-standard","has-post-thumbnail","hentry","category-destaque"],"jetpack_sharing_enabled":true,"jetpack_featured_media_url":"","_links":{"self":[{"href":"https:\/\/www.oparanews.com.br\/index.php\/wp-json\/wp\/v2\/posts\/15569","targetHints":{"allow":["GET"]}}],"collection":[{"href":"https:\/\/www.oparanews.com.br\/index.php\/wp-json\/wp\/v2\/posts"}],"about":[{"href":"https:\/\/www.oparanews.com.br\/index.php\/wp-json\/wp\/v2\/types\/post"}],"author":[{"embeddable":true,"href":"https:\/\/www.oparanews.com.br\/index.php\/wp-json\/wp\/v2\/users\/1"}],"replies":[{"embeddable":true,"href":"https:\/\/www.oparanews.com.br\/index.php\/wp-json\/wp\/v2\/comments?post=15569"}],"version-history":[{"count":0,"href":"https:\/\/www.oparanews.com.br\/index.php\/wp-json\/wp\/v2\/posts\/15569\/revisions"}],"wp:attachment":[{"href":"https:\/\/www.oparanews.com.br\/index.php\/wp-json\/wp\/v2\/media?parent=15569"}],"wp:term":[{"taxonomy":"category","embeddable":true,"href":"https:\/\/www.oparanews.com.br\/index.php\/wp-json\/wp\/v2\/categories?post=15569"},{"taxonomy":"post_tag","embeddable":true,"href":"https:\/\/www.oparanews.com.br\/index.php\/wp-json\/wp\/v2\/tags?post=15569"}],"curies":[{"name":"wp","href":"https:\/\/api.w.org\/{rel}","templated":true}]}}