{"id":15572,"date":"2021-05-13T00:07:55","date_gmt":"2021-05-13T00:07:55","guid":{"rendered":"https:\/\/oparanews.com.br\/?p=15572"},"modified":"2021-05-13T00:07:55","modified_gmt":"2021-05-13T00:07:55","slug":"lula-venceria-bolsonaro-com-folga-em-2o-turno-diz-datafolha","status":"publish","type":"post","link":"https:\/\/www.oparanews.com.br\/index.php\/2021\/05\/13\/lula-venceria-bolsonaro-com-folga-em-2o-turno-diz-datafolha\/","title":{"rendered":"Lula venceria Bolsonaro com folga em 2\u00ba turno, diz Datafolha"},"content":{"rendered":"<p>Pesquisa Datafolha divulgada nesta quarta-feira, 12, aponta o ex-presidente Luiz In\u00e1cio Lula da Silva (PT) na lideran\u00e7a com folga na corrida eleitoral ao Pal\u00e1cio do Planalto em 2022. Lula, que recuperou seus direitos pol\u00edticos, tem 41% das inten\u00e7\u00f5es de voto no primeiro turno, contra 23% do atual presidente, Jair Bolsonaro (sem partido). Em um eventual segundo turno, o petista venceria o advers\u00e1rio por 55% a 32%.<\/p>\n<p>Ainda em uma primeira etapa de vota\u00e7\u00e3o, o ex-ministro da Justi\u00e7a Sergio Moro (sem partido) aparece com 7% das inten\u00e7\u00f5es de voto; o ex-ministro da Integra\u00e7\u00e3o e vice-presidente do PDT, Ciro Gomes (PDT), tem 6%, o apresentador Luciano Huck (sem partido), 4%; o governador de S\u00e3o Paulo, Jo\u00e3o Doria (PSDB), 3%; e, com 2%, est\u00e3o empatados o ex-ministro da Sa\u00fade Luiz Henrique Mandetta (DEM) e Jo\u00e3o Amo\u00eado (Novo).<\/p>\n<p>Outros 9% informaram que votariam em branco, nulo, ou em nenhum candidato, e 4% est\u00e3o indecisos. A pesquisa foi feita com 2.071 pessoas, de forma presencial, em 146 munic\u00edpios, entre ontem e hoje. A margem de erro \u00e9 de dois pontos percentuais para mais ou para menos.<\/p>\n<p>O Datafolha destaca que, no segundo turno, Lula herdaria votos dados a Doria, Ciro e Huck, e Bolsonaro teria os de Moro. Lula ganharia de Moro (53% a 33%) e Doria (57% a 21%) caso enfrentasse esses candidatos no segundo turno. Bolsonaro empataria tecnicamente com Doria (39% a 40%) e perderia para Ciro (36% a 48%).<\/p>\n<p>&nbsp;<\/p>\n<p><strong>Fonte: Estad\u00e3o<\/strong><\/p>\n<p>&nbsp;<\/p>\n","protected":false},"excerpt":{"rendered":"<p>Pesquisa Datafolha divulgada nesta quarta-feira, 12, aponta o ex-presidente Luiz In\u00e1cio Lula da Silva (PT) na lideran\u00e7a com folga na corrida eleitoral ao Pal\u00e1cio do Planalto em 2022. Lula, que recuperou seus direitos pol\u00edticos, tem 41% das inten\u00e7\u00f5es de voto no primeiro turno, contra 23% do atual presidente, Jair Bolsonaro (sem partido). Em um eventual &hellip;<\/p>\n","protected":false},"author":1,"featured_media":15573,"comment_status":"closed","ping_status":"closed","sticky":false,"template":"","format":"standard","meta":{"_jetpack_newsletter_access":"","_jetpack_dont_email_post_to_subs":false,"_jetpack_newsletter_tier_id":0,"_jetpack_memberships_contains_paywalled_content":false,"_jetpack_memberships_contains_paid_content":false,"footnotes":""},"categories":[1],"tags":[],"class_list":["post-15572","post","type-post","status-publish","format-standard","has-post-thumbnail","hentry","category-destaque"],"jetpack_sharing_enabled":true,"jetpack_featured_media_url":"","_links":{"self":[{"href":"https:\/\/www.oparanews.com.br\/index.php\/wp-json\/wp\/v2\/posts\/15572","targetHints":{"allow":["GET"]}}],"collection":[{"href":"https:\/\/www.oparanews.com.br\/index.php\/wp-json\/wp\/v2\/posts"}],"about":[{"href":"https:\/\/www.oparanews.com.br\/index.php\/wp-json\/wp\/v2\/types\/post"}],"author":[{"embeddable":true,"href":"https:\/\/www.oparanews.com.br\/index.php\/wp-json\/wp\/v2\/users\/1"}],"replies":[{"embeddable":true,"href":"https:\/\/www.oparanews.com.br\/index.php\/wp-json\/wp\/v2\/comments?post=15572"}],"version-history":[{"count":0,"href":"https:\/\/www.oparanews.com.br\/index.php\/wp-json\/wp\/v2\/posts\/15572\/revisions"}],"wp:attachment":[{"href":"https:\/\/www.oparanews.com.br\/index.php\/wp-json\/wp\/v2\/media?parent=15572"}],"wp:term":[{"taxonomy":"category","embeddable":true,"href":"https:\/\/www.oparanews.com.br\/index.php\/wp-json\/wp\/v2\/categories?post=15572"},{"taxonomy":"post_tag","embeddable":true,"href":"https:\/\/www.oparanews.com.br\/index.php\/wp-json\/wp\/v2\/tags?post=15572"}],"curies":[{"name":"wp","href":"https:\/\/api.w.org\/{rel}","templated":true}]}}