{"id":15578,"date":"2021-05-13T12:26:47","date_gmt":"2021-05-13T12:26:47","guid":{"rendered":"https:\/\/oparanews.com.br\/?p=15578"},"modified":"2021-05-13T12:26:47","modified_gmt":"2021-05-13T12:26:47","slug":"13-estados-registram-alta-de-infeccoes-pela-covid-19","status":"publish","type":"post","link":"https:\/\/www.oparanews.com.br\/index.php\/2021\/05\/13\/13-estados-registram-alta-de-infeccoes-pela-covid-19\/","title":{"rendered":"13 Estados registram alta de infec\u00e7\u00f5es pela covid-19"},"content":{"rendered":"<p>Treze Estados registram alta na quantidade de novos casos de covid-19 confirmados em compara\u00e7\u00e3o com duas semanas atr\u00e1s. A situa\u00e7\u00e3o influencia a taxa nacional, que tamb\u00e9m subiu no per\u00edodo, e se mant\u00e9m em cerca de 60 mil novos diagn\u00f3sticos por dia. Especialistas alertam que, embora o Pa\u00eds assista \u00e0 queda de mortes, o cen\u00e1rio com tantos infectados sinaliza para a continuidade do patamar grave nos pr\u00f3ximos meses. Por isso, a crescente flexibiliza\u00e7\u00e3o do isolamento social e a vacina\u00e7\u00e3o lenta preocupam.<\/p>\n<p>Dados do cons\u00f3rcio de ve\u00edculos de imprensa mostram que, ao contr\u00e1rio da tend\u00eancia notada em rela\u00e7\u00e3o aos \u00f3bitos pelo novo coronav\u00edrus, os casos t\u00eam crescido na \u00faltima semana. A nova alta sucede o pico registrado no fim de mar\u00e7o e in\u00edcio de abril, meses que bateram recorde de letalidade na pandemia e v\u00e1rias redes de sa\u00fade entraram em colapso. O patamar de testes positivos pode indicar que o Brasil se manter\u00e1 em um plat\u00f4 elevado ou at\u00e9 mesmo reverter\u00e1 a tend\u00eancia de redu\u00e7\u00e3o de v\u00edtimas, apontam especialistas.<\/p>\n<p>O Paran\u00e1, por exemplo, mal se recuperou do pico de mar\u00e7o e registrou alta de 61% na m\u00e9dia de novos casos di\u00e1rios, na compara\u00e7\u00e3o do dado da segunda-feira passada com 14 dias atr\u00e1s. Os testes positivos passaram de 3 mil por dia para 4,8 mil em duas semanas. Uma alta intensa, de 83%, tamb\u00e9m \u00e9 notada no Rio. L\u00e1, as secretarias estadual e municipal de sa\u00fade atribuem a varia\u00e7\u00e3o \u00e0 notifica\u00e7\u00f5es represadas de semanas anteriores.<\/p>\n<p>Em Pernambuco, o patamar de novos casos \u00e9 o maior da pandemia. O Estado tem m\u00e9dia de 2,2 mil testes positivos, segundo dados da segunda-feira passada &#8211; alta de 19% em rela\u00e7\u00e3o a 14 dias atr\u00e1s, formando uma curva que n\u00e3o para de crescer.<\/p>\n<p>&nbsp;<\/p>\n<p><strong>Fonte: Estad\u00e3o<\/strong><\/p>\n<p>&nbsp;<\/p>\n","protected":false},"excerpt":{"rendered":"<p>Treze Estados registram alta na quantidade de novos casos de covid-19 confirmados em compara\u00e7\u00e3o com duas semanas atr\u00e1s. A situa\u00e7\u00e3o influencia a taxa nacional, que tamb\u00e9m subiu no per\u00edodo, e se mant\u00e9m em cerca de 60 mil novos diagn\u00f3sticos por dia. Especialistas alertam que, embora o Pa\u00eds assista \u00e0 queda de mortes, o cen\u00e1rio com &hellip;<\/p>\n","protected":false},"author":1,"featured_media":15579,"comment_status":"closed","ping_status":"closed","sticky":false,"template":"","format":"standard","meta":{"_jetpack_newsletter_access":"","_jetpack_dont_email_post_to_subs":false,"_jetpack_newsletter_tier_id":0,"_jetpack_memberships_contains_paywalled_content":false,"_jetpack_memberships_contains_paid_content":false,"footnotes":""},"categories":[1],"tags":[],"class_list":["post-15578","post","type-post","status-publish","format-standard","has-post-thumbnail","hentry","category-destaque"],"jetpack_sharing_enabled":true,"jetpack_featured_media_url":"","_links":{"self":[{"href":"https:\/\/www.oparanews.com.br\/index.php\/wp-json\/wp\/v2\/posts\/15578","targetHints":{"allow":["GET"]}}],"collection":[{"href":"https:\/\/www.oparanews.com.br\/index.php\/wp-json\/wp\/v2\/posts"}],"about":[{"href":"https:\/\/www.oparanews.com.br\/index.php\/wp-json\/wp\/v2\/types\/post"}],"author":[{"embeddable":true,"href":"https:\/\/www.oparanews.com.br\/index.php\/wp-json\/wp\/v2\/users\/1"}],"replies":[{"embeddable":true,"href":"https:\/\/www.oparanews.com.br\/index.php\/wp-json\/wp\/v2\/comments?post=15578"}],"version-history":[{"count":0,"href":"https:\/\/www.oparanews.com.br\/index.php\/wp-json\/wp\/v2\/posts\/15578\/revisions"}],"wp:attachment":[{"href":"https:\/\/www.oparanews.com.br\/index.php\/wp-json\/wp\/v2\/media?parent=15578"}],"wp:term":[{"taxonomy":"category","embeddable":true,"href":"https:\/\/www.oparanews.com.br\/index.php\/wp-json\/wp\/v2\/categories?post=15578"},{"taxonomy":"post_tag","embeddable":true,"href":"https:\/\/www.oparanews.com.br\/index.php\/wp-json\/wp\/v2\/tags?post=15578"}],"curies":[{"name":"wp","href":"https:\/\/api.w.org\/{rel}","templated":true}]}}