{"id":15587,"date":"2021-05-14T01:14:46","date_gmt":"2021-05-14T01:14:46","guid":{"rendered":"https:\/\/oparanews.com.br\/?p=15587"},"modified":"2021-05-14T01:14:46","modified_gmt":"2021-05-14T01:14:46","slug":"boletim-confirma-mais-dois-obitos-de-covid-19-em-penedo","status":"publish","type":"post","link":"https:\/\/www.oparanews.com.br\/index.php\/2021\/05\/14\/boletim-confirma-mais-dois-obitos-de-covid-19-em-penedo\/","title":{"rendered":"Boletim confirma mais dois \u00f3bitos por Covid-19 em Penedo"},"content":{"rendered":"<p>A Secretaria Municipal de Sa\u00fade de Penedo divulgou o Boletim Epidemiol\u00f3gico sobre a pandemia da Covid-19 desta quinta-feira, 13.<\/p>\n<p>Os dados mais recente mostram 3.445 casos confirmados da doen\u00e7a, oito a mais do que o boletim anterior.<\/p>\n<p>Desse total, 3.096 pessoas j\u00e1 se recuperaram ap\u00f3s passarem pelos cuidados m\u00e9dicos, cinco a mais do que os n\u00fameros anteriores. Al\u00e9m disso, 3.612 casos foram descartados.<\/p>\n<p>A Secretaria de Sa\u00fade tamb\u00e9m informa o registro de mais dois \u00f3bitos, sendo um homem de 53 anos e diab\u00e9tico e uma mulher 49 anos, portadora de tuberculose pulmonar tratada.<\/p>\n<p>Com mais esse dois registro, Penedo totaliza 35 \u00f3bitos por Covid-19.<\/p>\n<p>Os n\u00fameros desta quinta-feira, 13, ainda mostram que a Unidade de Refer\u00eancia em S\u00edndromes Gripais atendeu 95 pessoas.<\/p>\n<p>Dezesseis coletas de material para exame PCR-RT, tamb\u00e9m chamado de swab, foram realizadas.<\/p>\n<p>A Secretaria Municipal de Sa\u00fade (SEMS) n\u00e3o utiliza mais testes r\u00e1pidos durante os exames para diagn\u00f3stico para Covid.<\/p>\n<p>O procedimento adotado (PCR-RT) tem maior grau de exatid\u00e3o e possibilita a coleta de material a partir do 3\u00ba dia ap\u00f3s o in\u00edcio dos sintomas da infec\u00e7\u00e3o por coronav\u00edrus.<\/p>\n<p>Esse tipo de exame permite que o resultado seja entregue em at\u00e9 72 horas ap\u00f3s a coleta do material. A an\u00e1lise \u00e9 feita no Lacen, laborat\u00f3rio da rede p\u00fablica estadual.<\/p>\n<p><strong>Vacin\u00f4metro<\/strong><\/p>\n<p>O total de pessoas imunizadas contra o coronav\u00edrus em Penedo at\u00e9 hoje \u00e9 de 12.005, sendo que 4.822 j\u00e1 receberam a segunda dose da vacina.<\/p>\n<p>&nbsp;<\/p>\n<p><strong>Fonte: Decom &#8211; PMP<\/strong><\/p>\n<p>&nbsp;<\/p>\n","protected":false},"excerpt":{"rendered":"<p>A Secretaria Municipal de Sa\u00fade de Penedo divulgou o Boletim Epidemiol\u00f3gico sobre a pandemia da Covid-19 desta quinta-feira, 13. Os dados mais recente mostram 3.445 casos confirmados da doen\u00e7a, oito a mais do que o boletim anterior. Desse total, 3.096 pessoas j\u00e1 se recuperaram ap\u00f3s passarem pelos cuidados m\u00e9dicos, cinco a mais do que os &hellip;<\/p>\n","protected":false},"author":1,"featured_media":10326,"comment_status":"closed","ping_status":"closed","sticky":false,"template":"","format":"standard","meta":{"_jetpack_newsletter_access":"","_jetpack_dont_email_post_to_subs":false,"_jetpack_newsletter_tier_id":0,"_jetpack_memberships_contains_paywalled_content":false,"_jetpack_memberships_contains_paid_content":false,"footnotes":""},"categories":[1],"tags":[],"class_list":["post-15587","post","type-post","status-publish","format-standard","has-post-thumbnail","hentry","category-destaque"],"jetpack_sharing_enabled":true,"jetpack_featured_media_url":"","_links":{"self":[{"href":"https:\/\/www.oparanews.com.br\/index.php\/wp-json\/wp\/v2\/posts\/15587","targetHints":{"allow":["GET"]}}],"collection":[{"href":"https:\/\/www.oparanews.com.br\/index.php\/wp-json\/wp\/v2\/posts"}],"about":[{"href":"https:\/\/www.oparanews.com.br\/index.php\/wp-json\/wp\/v2\/types\/post"}],"author":[{"embeddable":true,"href":"https:\/\/www.oparanews.com.br\/index.php\/wp-json\/wp\/v2\/users\/1"}],"replies":[{"embeddable":true,"href":"https:\/\/www.oparanews.com.br\/index.php\/wp-json\/wp\/v2\/comments?post=15587"}],"version-history":[{"count":0,"href":"https:\/\/www.oparanews.com.br\/index.php\/wp-json\/wp\/v2\/posts\/15587\/revisions"}],"wp:attachment":[{"href":"https:\/\/www.oparanews.com.br\/index.php\/wp-json\/wp\/v2\/media?parent=15587"}],"wp:term":[{"taxonomy":"category","embeddable":true,"href":"https:\/\/www.oparanews.com.br\/index.php\/wp-json\/wp\/v2\/categories?post=15587"},{"taxonomy":"post_tag","embeddable":true,"href":"https:\/\/www.oparanews.com.br\/index.php\/wp-json\/wp\/v2\/tags?post=15587"}],"curies":[{"name":"wp","href":"https:\/\/api.w.org\/{rel}","templated":true}]}}