{"id":15589,"date":"2021-05-14T01:22:53","date_gmt":"2021-05-14T01:22:53","guid":{"rendered":"https:\/\/oparanews.com.br\/?p=15589"},"modified":"2021-05-14T01:22:53","modified_gmt":"2021-05-14T01:22:53","slug":"prefeito-ronaldo-lopes-da-posse-a-secretario-e-coordenador-de-esportes","status":"publish","type":"post","link":"https:\/\/www.oparanews.com.br\/index.php\/2021\/05\/14\/prefeito-ronaldo-lopes-da-posse-a-secretario-e-coordenador-de-esportes\/","title":{"rendered":"Prefeito Ronaldo Lopes d\u00e1 posse a Secret\u00e1rio e Coordenador de Esportes"},"content":{"rendered":"<p>O desenvolvimento de pol\u00edticas p\u00fablicas relacionadas com esportes em Penedo alcan\u00e7a um novo patamar. Nesta quinta-feira, 13 de maio, o Prefeito Ronaldo Lopes empossou o gestor e o coordenador da Secretaria Municipal de Esportes (SMES), pasta criada para assegurar mais autonomia e celeridade ao setor.<\/p>\n<p>Uma mini reforma administrativa elaborada pela gest\u00e3o Crescendo Com Seu Povo foi aprovada na C\u00e2mara Municipal de Penedo para viabilizar a institui\u00e7\u00e3o da secretaria que ser\u00e1 administrada por Juca Vasconcelos, professor de Educa\u00e7\u00e3o F\u00edsica e empres\u00e1rio, e coordenada por Evan\u00edlson Nunes, ex-jogador profissional de futebol, t\u00e9cnico e respons\u00e1vel por escolinha de futebol que orienta crian\u00e7as e adolescentes.<\/p>\n<p>\u201cHoje o Secret\u00e1rio de Esportes Juca Vasconcelos e o Coordenador de Esportes Evan\u00edlson Nunes tomaram posse em seus cargos. Desejo muita sorte nessa miss\u00e3o e reafirmo o meu compromisso de trabalhar juntamente com eles\u201d, declarou o Prefeito Ronaldo Lopes em suas redes sociais sobre o ato que reuniu membros do primeiro escal\u00e3o do governo, vereadores, representantes do Partido dos Trabalhadores e penedenses ligados ao esporte.<\/p>\n<p>Juca Vasconcelos destacou que a cria\u00e7\u00e3o da Secretaria Municipal de Esportes na Prefeitura de Penedo \u00e9 uma reivindica\u00e7\u00e3o de quase tr\u00eas d\u00e9cadas de desportistas de diferentes \u00e1reas das atividades que s\u00e3o sin\u00f4nimo de sa\u00fade, qualidade de vida e forma\u00e7\u00e3o f\u00edsica e mental.<\/p>\n<p>Em entrevista recente, o Prefeito Ronaldo Lopes adiantou que a SMES dever\u00e1 solucionar a quest\u00e3o de pessoal qualificado para orientar atividades f\u00edsicas nas tr\u00eas Academias de Sa\u00fade de Penedo, investimentos localizados nos conjuntos Jos\u00e9 Moraes Lopes (Cohab), Rosete Andrade e Mata Atl\u00e2ntica que est\u00e3o prontos para serem entregues \u00e0 popula\u00e7\u00e3o.<\/p>\n<p>A SMES tamb\u00e9m atuar\u00e1 em parceria com Secretaria Municipal de Educa\u00e7\u00e3o, utilizando as instala\u00e7\u00f5es da Vila Ol\u00edmpica que est\u00e1 praticamente pronta no espa\u00e7o conhecido como Gin\u00e1sio do Sesi, complexo que tamb\u00e9m abriga a sede da Semed.<\/p>\n<p>&nbsp;<\/p>\n<p><strong>por Fernando Vin\u00edcius &#8211; Decom PMP<\/strong><\/p>\n<p>&nbsp;<\/p>\n","protected":false},"excerpt":{"rendered":"<p>O desenvolvimento de pol\u00edticas p\u00fablicas relacionadas com esportes em Penedo alcan\u00e7a um novo patamar. Nesta quinta-feira, 13 de maio, o Prefeito Ronaldo Lopes empossou o gestor e o coordenador da Secretaria Municipal de Esportes (SMES), pasta criada para assegurar mais autonomia e celeridade ao setor. Uma mini reforma administrativa elaborada pela gest\u00e3o Crescendo Com Seu &hellip;<\/p>\n","protected":false},"author":1,"featured_media":15590,"comment_status":"closed","ping_status":"closed","sticky":false,"template":"","format":"standard","meta":{"_jetpack_newsletter_access":"","_jetpack_dont_email_post_to_subs":false,"_jetpack_newsletter_tier_id":0,"_jetpack_memberships_contains_paywalled_content":false,"_jetpack_memberships_contains_paid_content":false,"footnotes":""},"categories":[1],"tags":[],"class_list":["post-15589","post","type-post","status-publish","format-standard","has-post-thumbnail","hentry","category-destaque"],"jetpack_sharing_enabled":true,"jetpack_featured_media_url":"","_links":{"self":[{"href":"https:\/\/www.oparanews.com.br\/index.php\/wp-json\/wp\/v2\/posts\/15589","targetHints":{"allow":["GET"]}}],"collection":[{"href":"https:\/\/www.oparanews.com.br\/index.php\/wp-json\/wp\/v2\/posts"}],"about":[{"href":"https:\/\/www.oparanews.com.br\/index.php\/wp-json\/wp\/v2\/types\/post"}],"author":[{"embeddable":true,"href":"https:\/\/www.oparanews.com.br\/index.php\/wp-json\/wp\/v2\/users\/1"}],"replies":[{"embeddable":true,"href":"https:\/\/www.oparanews.com.br\/index.php\/wp-json\/wp\/v2\/comments?post=15589"}],"version-history":[{"count":0,"href":"https:\/\/www.oparanews.com.br\/index.php\/wp-json\/wp\/v2\/posts\/15589\/revisions"}],"wp:attachment":[{"href":"https:\/\/www.oparanews.com.br\/index.php\/wp-json\/wp\/v2\/media?parent=15589"}],"wp:term":[{"taxonomy":"category","embeddable":true,"href":"https:\/\/www.oparanews.com.br\/index.php\/wp-json\/wp\/v2\/categories?post=15589"},{"taxonomy":"post_tag","embeddable":true,"href":"https:\/\/www.oparanews.com.br\/index.php\/wp-json\/wp\/v2\/tags?post=15589"}],"curies":[{"name":"wp","href":"https:\/\/api.w.org\/{rel}","templated":true}]}}