{"id":15592,"date":"2021-05-14T01:30:49","date_gmt":"2021-05-14T01:30:49","guid":{"rendered":"https:\/\/oparanews.com.br\/?p=15592"},"modified":"2021-05-14T01:30:49","modified_gmt":"2021-05-14T01:30:49","slug":"ambulantes-sao-orientados-sobre-ocupacao-de-espacos-publicos-em-penedo","status":"publish","type":"post","link":"https:\/\/www.oparanews.com.br\/index.php\/2021\/05\/14\/ambulantes-sao-orientados-sobre-ocupacao-de-espacos-publicos-em-penedo\/","title":{"rendered":"Ambulantes s\u00e3o orientados sobre ocupa\u00e7\u00e3o de espa\u00e7os p\u00fablicos em Penedo"},"content":{"rendered":"<p>O com\u00e9rcio de ambulantes e o desempenho de atividades eventuais em espa\u00e7os p\u00fablicos de Penedo s\u00e3o regulamentados pelo C\u00f3digo de Postura Municipal.<\/p>\n<p>As normas atualizadas no Decreto Municipal n\u00ba 722\/2021, publicado em 18 de mar\u00e7o no Di\u00e1rio Oficial do Munic\u00edpio, amparam o trabalho do Departamento de Fiscaliza\u00e7\u00e3o e Postura, setor vinculado \u00e0 Secretaria Municipal de Desenvolvimento Econ\u00f4mico e Turismo (Sedetur).<\/p>\n<p>De forma educativa, fiscais de postura est\u00e3o informando ambulantes sobre a legisla\u00e7\u00e3o que prioriza pessoal com cadastro ativo na Sedetur para o trabalho que precisa ocorrer de forma organizada, inclusive para atividades provis\u00f3rias.<\/p>\n<p>Durante o contato direto com ambulantes, a fiscaliza\u00e7\u00e3o do Departamento de Postura alerta para a necessidade da autoriza\u00e7\u00e3o pr\u00e9via para o trabalho e a devida localiza\u00e7\u00e3o de cada atividade.<\/p>\n<p>\u201cN\u00f3s estamos ordenando o com\u00e9rcio no Largo da Igreja S\u00e3o Gon\u00e7alo e imedia\u00e7\u00f5es porque houve a ocupa\u00e7\u00e3o irregular nessa \u00e1rea, como a venda de frutas e verduras ou de produtos importados\u201d, explica o gestor da Sedetur, Pedro Soares.<\/p>\n<p>Alguns comerciantes sa\u00edram da feira livre e passaram a vender em locais indevidos, atua\u00e7\u00e3o que inclusive se caracteriza como concorr\u00eancia desleal em rela\u00e7\u00e3o aos demais trabalhadores da mesma atividade.<\/p>\n<p>\u201cA gente n\u00e3o est\u00e1 proibindo ningu\u00e9m de trabalhar, estamos apenas reordenando para promover uma concorr\u00eancia justa entre feirantes, cumprindo a legisla\u00e7\u00e3o\u201d, acrescenta Pedro Soares, frisando que o licenciamento est\u00e1 dispon\u00edvel na sede da Sedetur, no hor\u00e1rio das 7h30 \u00e0s 13h30, na secretaria situada ao lado do Hotel S\u00e3o Francisco.<\/p>\n<p>&nbsp;<\/p>\n<p><strong>por Fernando Vin\u00edcius &#8211; Decom PMP<\/strong><\/p>\n<p>&nbsp;<\/p>\n","protected":false},"excerpt":{"rendered":"<p>O com\u00e9rcio de ambulantes e o desempenho de atividades eventuais em espa\u00e7os p\u00fablicos de Penedo s\u00e3o regulamentados pelo C\u00f3digo de Postura Municipal. As normas atualizadas no Decreto Municipal n\u00ba 722\/2021, publicado em 18 de mar\u00e7o no Di\u00e1rio Oficial do Munic\u00edpio, amparam o trabalho do Departamento de Fiscaliza\u00e7\u00e3o e Postura, setor vinculado \u00e0 Secretaria Municipal de &hellip;<\/p>\n","protected":false},"author":1,"featured_media":15593,"comment_status":"closed","ping_status":"closed","sticky":false,"template":"","format":"standard","meta":{"_jetpack_newsletter_access":"","_jetpack_dont_email_post_to_subs":false,"_jetpack_newsletter_tier_id":0,"_jetpack_memberships_contains_paywalled_content":false,"_jetpack_memberships_contains_paid_content":false,"footnotes":""},"categories":[1],"tags":[],"class_list":["post-15592","post","type-post","status-publish","format-standard","has-post-thumbnail","hentry","category-destaque"],"jetpack_sharing_enabled":true,"jetpack_featured_media_url":"","_links":{"self":[{"href":"https:\/\/www.oparanews.com.br\/index.php\/wp-json\/wp\/v2\/posts\/15592","targetHints":{"allow":["GET"]}}],"collection":[{"href":"https:\/\/www.oparanews.com.br\/index.php\/wp-json\/wp\/v2\/posts"}],"about":[{"href":"https:\/\/www.oparanews.com.br\/index.php\/wp-json\/wp\/v2\/types\/post"}],"author":[{"embeddable":true,"href":"https:\/\/www.oparanews.com.br\/index.php\/wp-json\/wp\/v2\/users\/1"}],"replies":[{"embeddable":true,"href":"https:\/\/www.oparanews.com.br\/index.php\/wp-json\/wp\/v2\/comments?post=15592"}],"version-history":[{"count":0,"href":"https:\/\/www.oparanews.com.br\/index.php\/wp-json\/wp\/v2\/posts\/15592\/revisions"}],"wp:attachment":[{"href":"https:\/\/www.oparanews.com.br\/index.php\/wp-json\/wp\/v2\/media?parent=15592"}],"wp:term":[{"taxonomy":"category","embeddable":true,"href":"https:\/\/www.oparanews.com.br\/index.php\/wp-json\/wp\/v2\/categories?post=15592"},{"taxonomy":"post_tag","embeddable":true,"href":"https:\/\/www.oparanews.com.br\/index.php\/wp-json\/wp\/v2\/tags?post=15592"}],"curies":[{"name":"wp","href":"https:\/\/api.w.org\/{rel}","templated":true}]}}