{"id":15619,"date":"2021-05-14T12:08:01","date_gmt":"2021-05-14T12:08:01","guid":{"rendered":"https:\/\/oparanews.com.br\/?p=15619"},"modified":"2021-05-14T12:08:01","modified_gmt":"2021-05-14T12:08:01","slug":"conmebol-anuncia-final-da-libertadores-2021-no-uruguai","status":"publish","type":"post","link":"https:\/\/www.oparanews.com.br\/index.php\/2021\/05\/14\/conmebol-anuncia-final-da-libertadores-2021-no-uruguai\/","title":{"rendered":"Conmebol anuncia final da Libertadores 2021 no Uruguai"},"content":{"rendered":"<p>A Conmebol (Confedera\u00e7\u00e3o Sul-Americana de Futebol) anunciou, nesta quinta-feira, que a final da Libertadores desta temporada ser\u00e1 disputada no Uruguai. Marcada para acontecer no dia 20 de novembro, a decis\u00e3o da competi\u00e7\u00e3o sul-americana ter\u00e1 como palco o est\u00e1dio Centen\u00e1rio, em Montevid\u00e9u. A capital uruguaia tamb\u00e9m ser\u00e1 sede da partida decisiva da Sul-Americana, no dia 6 de novembro.<\/p>\n<p>A situa\u00e7\u00e3o controlada da pandemia de covid-19 no pa\u00eds foi determinante para a escolha do Uruguai como sede das duas principais competi\u00e7\u00f5es do continente. Com alta perspectiva de vacina\u00e7\u00e3o da popula\u00e7\u00e3o uruguaia at\u00e9 novembro, a Conmebol entende que o local ser\u00e1 um dos mais seguros para realiza\u00e7\u00e3o dos eventos.<\/p>\n<p>Esta ser\u00e1 a oitava vez que o est\u00e1dio Centen\u00e1rio receber\u00e1 uma final de Libertadores. O campo usado normalmente por Pe\u00f1arol e Nacional j\u00e1 sediou a partida decisiva das edi\u00e7\u00f5es de 1968, 1970, 1973, 1977, 1980, 1981 e 1988.<\/p>\n<p>Em nota oficial, entidade sul-americana ainda divulgou as sedes das decis\u00f5es da pr\u00f3xima temporada. O est\u00e1dio Monumental de Guayaquil ser\u00e1 o palco da final Libertadores, enquanto o Man\u00e9 Garrincha receber\u00e1 a partida decisiva da Sul-Americana.<\/p>\n<p>&nbsp;<\/p>\n<p><strong>Fonte: Gazeta Esportiva<\/strong><\/p>\n<p>&nbsp;<\/p>\n","protected":false},"excerpt":{"rendered":"<p>A Conmebol (Confedera\u00e7\u00e3o Sul-Americana de Futebol) anunciou, nesta quinta-feira, que a final da Libertadores desta temporada ser\u00e1 disputada no Uruguai. Marcada para acontecer no dia 20 de novembro, a decis\u00e3o da competi\u00e7\u00e3o sul-americana ter\u00e1 como palco o est\u00e1dio Centen\u00e1rio, em Montevid\u00e9u. A capital uruguaia tamb\u00e9m ser\u00e1 sede da partida decisiva da Sul-Americana, no dia 6 &hellip;<\/p>\n","protected":false},"author":1,"featured_media":15620,"comment_status":"closed","ping_status":"closed","sticky":false,"template":"","format":"standard","meta":{"_jetpack_newsletter_access":"","_jetpack_dont_email_post_to_subs":false,"_jetpack_newsletter_tier_id":0,"_jetpack_memberships_contains_paywalled_content":false,"_jetpack_memberships_contains_paid_content":false,"footnotes":""},"categories":[1],"tags":[],"class_list":["post-15619","post","type-post","status-publish","format-standard","has-post-thumbnail","hentry","category-destaque"],"jetpack_sharing_enabled":true,"jetpack_featured_media_url":"","_links":{"self":[{"href":"https:\/\/www.oparanews.com.br\/index.php\/wp-json\/wp\/v2\/posts\/15619","targetHints":{"allow":["GET"]}}],"collection":[{"href":"https:\/\/www.oparanews.com.br\/index.php\/wp-json\/wp\/v2\/posts"}],"about":[{"href":"https:\/\/www.oparanews.com.br\/index.php\/wp-json\/wp\/v2\/types\/post"}],"author":[{"embeddable":true,"href":"https:\/\/www.oparanews.com.br\/index.php\/wp-json\/wp\/v2\/users\/1"}],"replies":[{"embeddable":true,"href":"https:\/\/www.oparanews.com.br\/index.php\/wp-json\/wp\/v2\/comments?post=15619"}],"version-history":[{"count":0,"href":"https:\/\/www.oparanews.com.br\/index.php\/wp-json\/wp\/v2\/posts\/15619\/revisions"}],"wp:attachment":[{"href":"https:\/\/www.oparanews.com.br\/index.php\/wp-json\/wp\/v2\/media?parent=15619"}],"wp:term":[{"taxonomy":"category","embeddable":true,"href":"https:\/\/www.oparanews.com.br\/index.php\/wp-json\/wp\/v2\/categories?post=15619"},{"taxonomy":"post_tag","embeddable":true,"href":"https:\/\/www.oparanews.com.br\/index.php\/wp-json\/wp\/v2\/tags?post=15619"}],"curies":[{"name":"wp","href":"https:\/\/api.w.org\/{rel}","templated":true}]}}