{"id":15628,"date":"2021-05-14T16:29:43","date_gmt":"2021-05-14T16:29:43","guid":{"rendered":"https:\/\/oparanews.com.br\/?p=15628"},"modified":"2021-05-14T16:29:43","modified_gmt":"2021-05-14T16:29:43","slug":"tite-convoca-gabigol-e-daniel-alves-para-eliminatorias","status":"publish","type":"post","link":"https:\/\/www.oparanews.com.br\/index.php\/2021\/05\/14\/tite-convoca-gabigol-e-daniel-alves-para-eliminatorias\/","title":{"rendered":"Tite convoca Gabigol e Daniel Alves para Eliminat\u00f3rias"},"content":{"rendered":"<p>O t\u00e9cnico Tite divulgou hoje a lista de convocados para os dois pr\u00f3ximos jogos da sele\u00e7\u00e3o brasileira nas Eliminat\u00f3rias para a Copa do Mundo de 2022. Os destaques v\u00e3o para as presen\u00e7as de Gabigol, Daniel Alves e \u00c9verton Ribeiro.<\/p>\n<p>Machucado, o meia Philippe Coutinho passou por cirurgia recente no joelho e, como n\u00e3o est\u00e1 apto para atuar, ficou fora.<\/p>\n<p>As partidas ser\u00e3o realizadas contra Equador (em Porto Alegre) e Paraguai (em Assun\u00e7\u00e3o), nos dias 4 e 8 de junho, respectivamente. Ambos acontecem \u00e0s 21h30 (hor\u00e1rio de Bras\u00edlia).<\/p>\n<p>Atualmente, o Brasil lidera a competi\u00e7\u00e3o continental com 100% de aproveitamento \u2014 s\u00e3o 12 pontos conquistados em quatro jogos at\u00e9 aqui.<\/p>\n<p>Veja a lista de convocados: Goleiros:<\/p>\n<p>Alisson (Liverpool), Ederson (Manchester City) e Weverton (Palmeiras)<br \/>\nLaterais: Daniel Alves (S\u00e3o Paulo), Danilo (Juventus), Alex Sandro (Juventus) e Renan Lodi (Atl\u00e9tico de Madri).<br \/>\nZagueiros: Milit\u00e3o (Real Madrid), Lucas Ver\u00edssimo (Benfica), Marquinhos (PSG) e Thiago Silva (Chelsea)<br \/>\nMeio-campistas: Casemiro (Real Madrid), Douglas Luiz (Aston Villa), Everton Ribeiro (Flamengo), Fabinho (Liverpool), Fred (Manchester United) e Lucas Paquet\u00e1 (Lyon)<br \/>\nAtacantes: Everton Cebolinha (Benfica), Firmino (Liverpool), Gabigol (Flamengo), Gabriel Jesus (Manchester City), Neymar (PSG), Richarlison (Everton) e Vinicius J\u00fanior (Real Madrid)<\/p>\n<p>&nbsp;<\/p>\n<p><strong>Fonte: UOL<\/strong><\/p>\n<p>&nbsp;<\/p>\n","protected":false},"excerpt":{"rendered":"<p>O t\u00e9cnico Tite divulgou hoje a lista de convocados para os dois pr\u00f3ximos jogos da sele\u00e7\u00e3o brasileira nas Eliminat\u00f3rias para a Copa do Mundo de 2022. Os destaques v\u00e3o para as presen\u00e7as de Gabigol, Daniel Alves e \u00c9verton Ribeiro. Machucado, o meia Philippe Coutinho passou por cirurgia recente no joelho e, como n\u00e3o est\u00e1 apto &hellip;<\/p>\n","protected":false},"author":1,"featured_media":15629,"comment_status":"closed","ping_status":"closed","sticky":false,"template":"","format":"standard","meta":{"_jetpack_newsletter_access":"","_jetpack_dont_email_post_to_subs":false,"_jetpack_newsletter_tier_id":0,"_jetpack_memberships_contains_paywalled_content":false,"_jetpack_memberships_contains_paid_content":false,"footnotes":""},"categories":[1],"tags":[],"class_list":["post-15628","post","type-post","status-publish","format-standard","has-post-thumbnail","hentry","category-destaque"],"jetpack_sharing_enabled":true,"jetpack_featured_media_url":"","_links":{"self":[{"href":"https:\/\/www.oparanews.com.br\/index.php\/wp-json\/wp\/v2\/posts\/15628","targetHints":{"allow":["GET"]}}],"collection":[{"href":"https:\/\/www.oparanews.com.br\/index.php\/wp-json\/wp\/v2\/posts"}],"about":[{"href":"https:\/\/www.oparanews.com.br\/index.php\/wp-json\/wp\/v2\/types\/post"}],"author":[{"embeddable":true,"href":"https:\/\/www.oparanews.com.br\/index.php\/wp-json\/wp\/v2\/users\/1"}],"replies":[{"embeddable":true,"href":"https:\/\/www.oparanews.com.br\/index.php\/wp-json\/wp\/v2\/comments?post=15628"}],"version-history":[{"count":0,"href":"https:\/\/www.oparanews.com.br\/index.php\/wp-json\/wp\/v2\/posts\/15628\/revisions"}],"wp:attachment":[{"href":"https:\/\/www.oparanews.com.br\/index.php\/wp-json\/wp\/v2\/media?parent=15628"}],"wp:term":[{"taxonomy":"category","embeddable":true,"href":"https:\/\/www.oparanews.com.br\/index.php\/wp-json\/wp\/v2\/categories?post=15628"},{"taxonomy":"post_tag","embeddable":true,"href":"https:\/\/www.oparanews.com.br\/index.php\/wp-json\/wp\/v2\/tags?post=15628"}],"curies":[{"name":"wp","href":"https:\/\/api.w.org\/{rel}","templated":true}]}}