{"id":15631,"date":"2021-05-14T16:30:53","date_gmt":"2021-05-14T16:30:53","guid":{"rendered":"https:\/\/oparanews.com.br\/?p=15631"},"modified":"2021-05-14T16:30:53","modified_gmt":"2021-05-14T16:30:53","slug":"secretaria-de-servicos-publicos-de-penedo-divulga-balanco-de-suas-acoes","status":"publish","type":"post","link":"https:\/\/www.oparanews.com.br\/index.php\/2021\/05\/14\/secretaria-de-servicos-publicos-de-penedo-divulga-balanco-de-suas-acoes\/","title":{"rendered":"Secretaria de Servi\u00e7os P\u00fablicos de Penedo divulga balan\u00e7o de suas a\u00e7\u00f5es"},"content":{"rendered":"<p>A Secretaria Municipal de Servi\u00e7os P\u00fablicos (SEMSP) da Prefeitura de Penedo divulga o balan\u00e7o de suas a\u00e7\u00f5es nos primeiros quatro meses da gest\u00e3o Crescendo Com Seu Povo.<\/p>\n<p>Entre as a\u00e7\u00f5es de maior destaque est\u00e3o o recolhimento de 4.400 toneladas de lixo domiciliar durante o per\u00edodo citado e 2.880 toneladas de entulhos jogados por terceiros em locais impr\u00f3prios para o descarte desse tipo de material.<\/p>\n<p>Outro servi\u00e7o executado pela SEMSP Penedo foi o trabalho de poda em \u00e1rvores, destacando que esse servi\u00e7o \u00e9 feito de forma ornamental. Al\u00e9m disso, foi realizada a manuten\u00e7\u00e3o em 1.544 pontos de ilumina\u00e7\u00e3o na zona urbana e 274 na zona rural e a substitui\u00e7\u00e3o de 1.219 l\u00e2mpadas de vapor de merc\u00fario ou s\u00f3dio por l\u00e2mpadas de LED, que ilumina mais, com o menor consumo de energia.<\/p>\n<p>Outra a\u00e7\u00e3o da Secretaria Municipal de Servi\u00e7os P\u00fablicos foi a recupera\u00e7\u00e3o da pavimenta\u00e7\u00e3o a paralelep\u00edpedo em diversas ruas e avenidas de Penedo, totalizando 1.514,47 metros quadrados de investimento em mobilidade urbana.<\/p>\n<p>Todos esses servi\u00e7os executados t\u00eam como objetivo tornar Penedo uma cidade mais limpa, segura e mais confort\u00e1vel para se viver, sendo esse um compromisso permanente do Governo Ronaldo Lopes\/Jo\u00e3o Lucas.<\/p>\n<p>&nbsp;<\/p>\n<p><strong>por Thiago Sobral- Decom PMP<\/strong><\/p>\n<p>&nbsp;<\/p>\n","protected":false},"excerpt":{"rendered":"<p>A Secretaria Municipal de Servi\u00e7os P\u00fablicos (SEMSP) da Prefeitura de Penedo divulga o balan\u00e7o de suas a\u00e7\u00f5es nos primeiros quatro meses da gest\u00e3o Crescendo Com Seu Povo. Entre as a\u00e7\u00f5es de maior destaque est\u00e3o o recolhimento de 4.400 toneladas de lixo domiciliar durante o per\u00edodo citado e 2.880 toneladas de entulhos jogados por terceiros em &hellip;<\/p>\n","protected":false},"author":1,"featured_media":15632,"comment_status":"closed","ping_status":"closed","sticky":false,"template":"","format":"standard","meta":{"_jetpack_newsletter_access":"","_jetpack_dont_email_post_to_subs":false,"_jetpack_newsletter_tier_id":0,"_jetpack_memberships_contains_paywalled_content":false,"_jetpack_memberships_contains_paid_content":false,"footnotes":""},"categories":[1],"tags":[],"class_list":["post-15631","post","type-post","status-publish","format-standard","has-post-thumbnail","hentry","category-destaque"],"jetpack_sharing_enabled":true,"jetpack_featured_media_url":"","_links":{"self":[{"href":"https:\/\/www.oparanews.com.br\/index.php\/wp-json\/wp\/v2\/posts\/15631","targetHints":{"allow":["GET"]}}],"collection":[{"href":"https:\/\/www.oparanews.com.br\/index.php\/wp-json\/wp\/v2\/posts"}],"about":[{"href":"https:\/\/www.oparanews.com.br\/index.php\/wp-json\/wp\/v2\/types\/post"}],"author":[{"embeddable":true,"href":"https:\/\/www.oparanews.com.br\/index.php\/wp-json\/wp\/v2\/users\/1"}],"replies":[{"embeddable":true,"href":"https:\/\/www.oparanews.com.br\/index.php\/wp-json\/wp\/v2\/comments?post=15631"}],"version-history":[{"count":0,"href":"https:\/\/www.oparanews.com.br\/index.php\/wp-json\/wp\/v2\/posts\/15631\/revisions"}],"wp:attachment":[{"href":"https:\/\/www.oparanews.com.br\/index.php\/wp-json\/wp\/v2\/media?parent=15631"}],"wp:term":[{"taxonomy":"category","embeddable":true,"href":"https:\/\/www.oparanews.com.br\/index.php\/wp-json\/wp\/v2\/categories?post=15631"},{"taxonomy":"post_tag","embeddable":true,"href":"https:\/\/www.oparanews.com.br\/index.php\/wp-json\/wp\/v2\/tags?post=15631"}],"curies":[{"name":"wp","href":"https:\/\/api.w.org\/{rel}","templated":true}]}}