{"id":15634,"date":"2021-05-14T16:32:35","date_gmt":"2021-05-14T16:32:35","guid":{"rendered":"https:\/\/oparanews.com.br\/?p=15634"},"modified":"2021-05-14T16:32:35","modified_gmt":"2021-05-14T16:32:35","slug":"unidade-basica-de-saude-de-penedo-tera-o-nome-de-alexandre-toledo","status":"publish","type":"post","link":"https:\/\/www.oparanews.com.br\/index.php\/2021\/05\/14\/unidade-basica-de-saude-de-penedo-tera-o-nome-de-alexandre-toledo\/","title":{"rendered":"Unidade B\u00e1sica de Sa\u00fade de Penedo ter\u00e1 o nome de Alexandre Toledo"},"content":{"rendered":"<p>A popula\u00e7\u00e3o de Penedo vai ganhar mais quatro Unidades B\u00e1sicas de Sa\u00fade, investimentos anunciados pelo Prefeito Ronaldo Lopes ap\u00f3s vistoria na constru\u00e7\u00e3o da UBS que ter\u00e1 o nome de Alexandre Toledo, ex-prefeito de Penedo falecido em decorr\u00eancia de Covid-19.<\/p>\n<p>A unidade que homenagear\u00e1 o gestor estadual de Sa\u00fade que tamb\u00e9m foi secret\u00e1rio de Estado da Agricultura e deputado federal est\u00e1 pr\u00f3ximo de ser conclu\u00edda, UBS situada no conjunto Mata Atl\u00e2ntica.<\/p>\n<p>Al\u00e9m da homenagem a Alexandre Toledo, Ronaldo Lopes divulgou novos avan\u00e7os para a popula\u00e7\u00e3o penedense, dois em parceria com o governo estadual e outro com recursos pr\u00f3prios.<\/p>\n<p><a href=\"https:\/\/oparanews.com.br\/wp-content\/uploads\/2021\/05\/Sem-t\u00edtulo-116.jpg\"><img loading=\"lazy\" decoding=\"async\" class=\"alignleft size-medium wp-image-15636\" src=\"https:\/\/oparanews.com.br\/wp-content\/uploads\/2021\/05\/Sem-t\u00edtulo-116-300x223.jpg\" alt=\"\" width=\"300\" height=\"223\" \/><\/a>Com apoio do governador Renan Filho, a gest\u00e3o Crescendo Com Seu Povo viabiliza a constru\u00e7\u00e3o de mais duas Unidades B\u00e1sicas de Sa\u00fade, uma na Vila Matias e a outra no bairro Santa Luzia, setores que funcionam atualmente em im\u00f3veis alugados.<\/p>\n<p>Al\u00e9m da equipe m\u00e9dica completa, a contrapartida da Prefeitura de Penedo \u00e9 a cess\u00e3o de terrenos. Na Vila Matias, o local j\u00e1 definido est\u00e1 situado ao lado do gin\u00e1sio da Escola Municipal Manoel Soares de Melo. Tamb\u00e9m h\u00e1 terreno p\u00fablico para instala\u00e7\u00e3o da UBS do Gabriel 5 no Barro Duro, como \u00e9 bairro Santa Luzia \u00e9 conhecido.<\/p>\n<p>Ainda em rela\u00e7\u00e3o aos servi\u00e7os da Secretaria Municipal de Sa\u00fade, Ronaldo Lopes informa que o im\u00f3vel situado ao lado do antigo Gin\u00e1sio do Sesi ser\u00e1 reformado para funcionar como UBS para atender moradores do Campo Redondo, Assentamento S\u00e3o Jos\u00e9 e bairros Santa Isabel e Santa Cec\u00edlia.<\/p>\n<p>&nbsp;<\/p>\n<p><strong>por Fernando Vin\u00edcius \u2013 Decom PMP<\/strong><\/p>\n<p>&nbsp;<\/p>\n","protected":false},"excerpt":{"rendered":"<p>A popula\u00e7\u00e3o de Penedo vai ganhar mais quatro Unidades B\u00e1sicas de Sa\u00fade, investimentos anunciados pelo Prefeito Ronaldo Lopes ap\u00f3s vistoria na constru\u00e7\u00e3o da UBS que ter\u00e1 o nome de Alexandre Toledo, ex-prefeito de Penedo falecido em decorr\u00eancia de Covid-19. A unidade que homenagear\u00e1 o gestor estadual de Sa\u00fade que tamb\u00e9m foi secret\u00e1rio de Estado da &hellip;<\/p>\n","protected":false},"author":1,"featured_media":15635,"comment_status":"closed","ping_status":"closed","sticky":false,"template":"","format":"standard","meta":{"_jetpack_newsletter_access":"","_jetpack_dont_email_post_to_subs":false,"_jetpack_newsletter_tier_id":0,"_jetpack_memberships_contains_paywalled_content":false,"_jetpack_memberships_contains_paid_content":false,"footnotes":""},"categories":[1],"tags":[],"class_list":["post-15634","post","type-post","status-publish","format-standard","has-post-thumbnail","hentry","category-destaque"],"jetpack_sharing_enabled":true,"jetpack_featured_media_url":"","_links":{"self":[{"href":"https:\/\/www.oparanews.com.br\/index.php\/wp-json\/wp\/v2\/posts\/15634","targetHints":{"allow":["GET"]}}],"collection":[{"href":"https:\/\/www.oparanews.com.br\/index.php\/wp-json\/wp\/v2\/posts"}],"about":[{"href":"https:\/\/www.oparanews.com.br\/index.php\/wp-json\/wp\/v2\/types\/post"}],"author":[{"embeddable":true,"href":"https:\/\/www.oparanews.com.br\/index.php\/wp-json\/wp\/v2\/users\/1"}],"replies":[{"embeddable":true,"href":"https:\/\/www.oparanews.com.br\/index.php\/wp-json\/wp\/v2\/comments?post=15634"}],"version-history":[{"count":0,"href":"https:\/\/www.oparanews.com.br\/index.php\/wp-json\/wp\/v2\/posts\/15634\/revisions"}],"wp:attachment":[{"href":"https:\/\/www.oparanews.com.br\/index.php\/wp-json\/wp\/v2\/media?parent=15634"}],"wp:term":[{"taxonomy":"category","embeddable":true,"href":"https:\/\/www.oparanews.com.br\/index.php\/wp-json\/wp\/v2\/categories?post=15634"},{"taxonomy":"post_tag","embeddable":true,"href":"https:\/\/www.oparanews.com.br\/index.php\/wp-json\/wp\/v2\/tags?post=15634"}],"curies":[{"name":"wp","href":"https:\/\/api.w.org\/{rel}","templated":true}]}}