{"id":15640,"date":"2021-05-14T23:52:47","date_gmt":"2021-05-14T23:52:47","guid":{"rendered":"https:\/\/oparanews.com.br\/?p=15640"},"modified":"2021-05-14T23:52:47","modified_gmt":"2021-05-14T23:52:47","slug":"jose-loreto-e-vacinado-contra-a-covid-19-viva-o-sus","status":"publish","type":"post","link":"https:\/\/www.oparanews.com.br\/index.php\/2021\/05\/14\/jose-loreto-e-vacinado-contra-a-covid-19-viva-o-sus\/","title":{"rendered":"Jos\u00e9 Loreto \u00e9 vacinado contra a Covid-19: \u2018Viva o SUS\u2019"},"content":{"rendered":"<p>Jos\u00e9 Loreto, de 36 anos, tomou a primeira dose da vacina contra a Covid-19 nesta sexta-feira (14) no campus da Universidade Federal Fluminense (UFF) em Niter\u00f3i (RJ). O ator tomou o imunizante por ser diab\u00e9tico do tipo1.<\/p>\n<p>\u201cJunto da vacina, vem a esperan\u00e7a e a dor pelos que se foram (\u2026) Viva o SUS, viva a vacina. Todos os meus amigos que se foram, esperan\u00e7a pela minha filha, pela minha fam\u00edlia, por todo mundo\u201d, disse Loreto em um v\u00eddeo nas redes sociais.<\/p>\n<p>O ator relembrou a morte de amigos pela Covid-19, como os atores Eduardo Galv\u00e3o e Paulo Gustavo, al\u00e9m do fot\u00f3grafo Cleomir Tavares. \u201cPara sempre, todo meu amor\u2026\u201d, afirmou Loreto.<\/p>\n<p>&nbsp;<\/p>\n<p><strong>Fonte: ISTO\u00c9<\/strong><\/p>\n<p>&nbsp;<\/p>\n","protected":false},"excerpt":{"rendered":"<p>Jos\u00e9 Loreto, de 36 anos, tomou a primeira dose da vacina contra a Covid-19 nesta sexta-feira (14) no campus da Universidade Federal Fluminense (UFF) em Niter\u00f3i (RJ). O ator tomou o imunizante por ser diab\u00e9tico do tipo1. \u201cJunto da vacina, vem a esperan\u00e7a e a dor pelos que se foram (\u2026) Viva o SUS, viva &hellip;<\/p>\n","protected":false},"author":1,"featured_media":15641,"comment_status":"closed","ping_status":"closed","sticky":false,"template":"","format":"standard","meta":{"_jetpack_newsletter_access":"","_jetpack_dont_email_post_to_subs":false,"_jetpack_newsletter_tier_id":0,"_jetpack_memberships_contains_paywalled_content":false,"_jetpack_memberships_contains_paid_content":false,"footnotes":""},"categories":[1],"tags":[],"class_list":["post-15640","post","type-post","status-publish","format-standard","has-post-thumbnail","hentry","category-destaque"],"jetpack_sharing_enabled":true,"jetpack_featured_media_url":"","_links":{"self":[{"href":"https:\/\/www.oparanews.com.br\/index.php\/wp-json\/wp\/v2\/posts\/15640","targetHints":{"allow":["GET"]}}],"collection":[{"href":"https:\/\/www.oparanews.com.br\/index.php\/wp-json\/wp\/v2\/posts"}],"about":[{"href":"https:\/\/www.oparanews.com.br\/index.php\/wp-json\/wp\/v2\/types\/post"}],"author":[{"embeddable":true,"href":"https:\/\/www.oparanews.com.br\/index.php\/wp-json\/wp\/v2\/users\/1"}],"replies":[{"embeddable":true,"href":"https:\/\/www.oparanews.com.br\/index.php\/wp-json\/wp\/v2\/comments?post=15640"}],"version-history":[{"count":0,"href":"https:\/\/www.oparanews.com.br\/index.php\/wp-json\/wp\/v2\/posts\/15640\/revisions"}],"wp:attachment":[{"href":"https:\/\/www.oparanews.com.br\/index.php\/wp-json\/wp\/v2\/media?parent=15640"}],"wp:term":[{"taxonomy":"category","embeddable":true,"href":"https:\/\/www.oparanews.com.br\/index.php\/wp-json\/wp\/v2\/categories?post=15640"},{"taxonomy":"post_tag","embeddable":true,"href":"https:\/\/www.oparanews.com.br\/index.php\/wp-json\/wp\/v2\/tags?post=15640"}],"curies":[{"name":"wp","href":"https:\/\/api.w.org\/{rel}","templated":true}]}}