{"id":15643,"date":"2021-05-14T23:53:39","date_gmt":"2021-05-14T23:53:39","guid":{"rendered":"https:\/\/oparanews.com.br\/?p=15643"},"modified":"2021-05-14T23:53:39","modified_gmt":"2021-05-14T23:53:39","slug":"smtt-penedo-atualiza-itinerario-dos-onibus-urbanos","status":"publish","type":"post","link":"https:\/\/www.oparanews.com.br\/index.php\/2021\/05\/14\/smtt-penedo-atualiza-itinerario-dos-onibus-urbanos\/","title":{"rendered":"SMTT Penedo atualiza itiner\u00e1rio dos \u00f4nibus urbanos"},"content":{"rendered":"<p>Os \u00f4nibus coletivos que fazem o transporte p\u00fablico de passageiros de Penedo passam a ter um novo itiner\u00e1rio, altera\u00e7\u00f5es que passam a valer a partir do pr\u00f3ximo domingo, 16.<\/p>\n<p>Os \u00f4nibus que fazem a linha Circular 2 saem do com\u00e9rcio em dire\u00e7\u00e3o \u00e0 Avenida Get\u00falio Vargas e Rodovia Engenheiro Joaquim Gon\u00e7alves, seguindo pela Travessa Castro Alves e passando em frente a R\u00e1dio Grande Rio FM, Rua Jo\u00e3o Ramalho, Gabriel, Rua Nova, tomando sentido do Supermercado Super 15<\/p>\n<p>A linha Circular 2 segue pela Rua da Aurora, pegando a Rod. Engenheiro Joaquim Gon\u00e7alves, rotat\u00f3ria do Bom Jesus, entrando ao lado da Dismoto, sentido Bairro Dr. Raimundo Marinho, Conjunto S\u00e3o Jos\u00e9, Vale do S\u00e3o Francisco e depois Rosete Andrade.<\/p>\n<p>Fazendo o retorno, o trajeto \u00e9 o seguinte: Conjunto Dom Constantino, voltando pela Rod. Eng. Joaquim Gon\u00e7alves, rotat\u00f3ria de Bom Jesus, Avenidas Ant\u00f4nio C\u00e2ndido Toledo e Wanderley, entrando ao lado do Super 15 e seguindo pela Ruas Nova e Jo\u00e3o Ramalho, Av. Get\u00falio Vargas, com o ponto final no com\u00e9rcio.<\/p>\n<p>Para as linhas 1, 2 e 3 fica valendo o hor\u00e1rio de sa\u00edda \u00e0s 05h45, de segunda-feira a s\u00e1bado.<\/p>\n<p>LINHA 01 \u2013 Sa\u00edda do Conjunto Vale do S\u00e3o Francisco, passando pelo Conjunto Marisa Let\u00edcia, sentido Conjuntos Dom Constantino, Rosete Andrade e Madre Esp\u00edrito Santo para chegar at\u00e9 a Rodovia Eng. Joaquim Gon\u00e7alves, Avenidas C\u00e2ndido Toledo e Get\u00falio Vargas, sentido Centro Hist\u00f3rico.<\/p>\n<p>Ao chegar na \u00e1rea do com\u00e9rcio, o \u00f4nibus da Linha 01 vai at\u00e9 a Avenida Beira Rio, passando pela UFAL, retornando pela Avenida Duque de Caxias para finalizar o trajeto no Centro.<\/p>\n<p>LINHA 02 \u2013 1\u00ba \u00f4nibus \u00e0s 05h50. com intervalo de 30 minutos entre os ve\u00edculos<\/p>\n<p>Ponto de partida na Cooperativa l, seguindo em dire\u00e7\u00e3o aos Conjuntos Mata Atl\u00e2ntica, Vale do Marituba, Velho Chico ll, Avenidas Guarany, Ant\u00f4nio C\u00e2ndido Toledo e Get\u00falio Vargas, sentido Centro Hist\u00f3rico, continuando pela Avenida Beira-Rio, UFAL, Av. Duque de Caxias at\u00e9 finalizar no Centro Hist\u00f3rico.<\/p>\n<p>Vale ressaltar que todos os carros que saem do terminal \u00e0s 06h20, 07h20, 08h20, 09h20, 10h20, 11h20, 12h20, 13h20, 14h20, 15h20, 16h20, 17h20 passam pelo bairro Santa Cec\u00edlia (Matadouro).<\/p>\n<p>O retorno ao ponto final parte do centro para Av. Get\u00falio Vargas, Rodovia Eng. Joaquim Gon\u00e7alves, Rua Alian\u00e7a Liberal, Rua Jo\u00e3o Ramalho , Gabriel, Rua Nova, Rua da Esperan\u00e7a, Toca do \u00cdndio, Av. Guarany, Velho Chico ll, Vale do Marituba, Conj. Mata Atl\u00e2ntica, \u00faltimo setor antes de encerrar na Cooperativa 1\u00ba N\u00facleo.<\/p>\n<p>LINHA 03: 1\u00ba carro \u00e0s 06 horas, com intervalo de 30 minutos entre os ve\u00edculos<\/p>\n<p>Sa\u00edda da Cooperativa 1\u00ba N\u00facleo, seguindo em dire\u00e7\u00e3o aos Conjuntos Mata Atl\u00e2ntica, Velho Chico l, sentido Cidade do Povo, Rua Belo Horizonte, entrando na Rua C, Rua da Dismoto, entrando na rua Dom Pedro II, Rua Duque de Caxias, pegando a Avenida C\u00e2ndido Toledo, Av. Wanderley, sentido Centro Hist\u00f3rico at\u00e9 a Avenida Beira Rio, UFAL, retonando ao centro de Penedo pela Av. Duque de Caxias, de onde parte em dire\u00e7\u00e3o da Av. Get\u00falio Vargas, Rodovia Engenheiro Joaquim Gon\u00e7alves, Trevo do Bom Jesus, Av, C\u00e2ndido Toledo, entrando na rRa Guarany, Rua da Dismoto, Rua Belo Horizonte, sentido Cidade do Povo, Mata Atl\u00e2ntica, fazendo o seu ponto final no Conjunto Mata Atl\u00e2ntica.<\/p>\n<p>&nbsp;<\/p>\n<p><strong>Fonte: Decom &#8211; PMP<\/strong><\/p>\n<p>&nbsp;<\/p>\n","protected":false},"excerpt":{"rendered":"<p>Os \u00f4nibus coletivos que fazem o transporte p\u00fablico de passageiros de Penedo passam a ter um novo itiner\u00e1rio, altera\u00e7\u00f5es que passam a valer a partir do pr\u00f3ximo domingo, 16. Os \u00f4nibus que fazem a linha Circular 2 saem do com\u00e9rcio em dire\u00e7\u00e3o \u00e0 Avenida Get\u00falio Vargas e Rodovia Engenheiro Joaquim Gon\u00e7alves, seguindo pela Travessa Castro &hellip;<\/p>\n","protected":false},"author":1,"featured_media":15644,"comment_status":"closed","ping_status":"closed","sticky":false,"template":"","format":"standard","meta":{"_jetpack_newsletter_access":"","_jetpack_dont_email_post_to_subs":false,"_jetpack_newsletter_tier_id":0,"_jetpack_memberships_contains_paywalled_content":false,"_jetpack_memberships_contains_paid_content":false,"footnotes":""},"categories":[1],"tags":[],"class_list":["post-15643","post","type-post","status-publish","format-standard","has-post-thumbnail","hentry","category-destaque"],"jetpack_sharing_enabled":true,"jetpack_featured_media_url":"","_links":{"self":[{"href":"https:\/\/www.oparanews.com.br\/index.php\/wp-json\/wp\/v2\/posts\/15643","targetHints":{"allow":["GET"]}}],"collection":[{"href":"https:\/\/www.oparanews.com.br\/index.php\/wp-json\/wp\/v2\/posts"}],"about":[{"href":"https:\/\/www.oparanews.com.br\/index.php\/wp-json\/wp\/v2\/types\/post"}],"author":[{"embeddable":true,"href":"https:\/\/www.oparanews.com.br\/index.php\/wp-json\/wp\/v2\/users\/1"}],"replies":[{"embeddable":true,"href":"https:\/\/www.oparanews.com.br\/index.php\/wp-json\/wp\/v2\/comments?post=15643"}],"version-history":[{"count":0,"href":"https:\/\/www.oparanews.com.br\/index.php\/wp-json\/wp\/v2\/posts\/15643\/revisions"}],"wp:attachment":[{"href":"https:\/\/www.oparanews.com.br\/index.php\/wp-json\/wp\/v2\/media?parent=15643"}],"wp:term":[{"taxonomy":"category","embeddable":true,"href":"https:\/\/www.oparanews.com.br\/index.php\/wp-json\/wp\/v2\/categories?post=15643"},{"taxonomy":"post_tag","embeddable":true,"href":"https:\/\/www.oparanews.com.br\/index.php\/wp-json\/wp\/v2\/tags?post=15643"}],"curies":[{"name":"wp","href":"https:\/\/api.w.org\/{rel}","templated":true}]}}