{"id":15652,"date":"2021-05-15T19:29:12","date_gmt":"2021-05-15T19:29:12","guid":{"rendered":"https:\/\/oparanews.com.br\/?p=15652"},"modified":"2021-05-15T19:29:12","modified_gmt":"2021-05-15T19:29:12","slug":"jovem-e-preso-por-trafico-de-drogas-durante-abordagem-em-arapiraca","status":"publish","type":"post","link":"https:\/\/www.oparanews.com.br\/index.php\/2021\/05\/15\/jovem-e-preso-por-trafico-de-drogas-durante-abordagem-em-arapiraca\/","title":{"rendered":"Jovem \u00e9 preso por tr\u00e1fico de drogas durante abordagem em Arapiraca"},"content":{"rendered":"<p>Durante patrulha no bairro Manoel Teles, em Arapiraca, na noite desta sexta-feira (15), policiais da Radiopatrulha, prederam um homem por tr\u00e1fico de droga ap\u00f3s uma abordagem.<\/p>\n<p>De acordo com a ocorr\u00eancia, o indiv\u00edduo de 18 anos estava em atitude suspeita quando ao ser abordado foram encontradas 270 gramas de maconha, uma balan\u00e7a de precis\u00e3o e e emba\u00e7agens de pl\u00e1stico.<\/p>\n<p>O jovem foi encaminhado para a Central de Flagrantes, onde foi autuado por tr\u00e1fico de drogas.<\/p>\n<p>&nbsp;<\/p>\n<p><strong>Fonte: 7Segundos<\/strong><\/p>\n<p>&nbsp;<\/p>\n","protected":false},"excerpt":{"rendered":"<p>Durante patrulha no bairro Manoel Teles, em Arapiraca, na noite desta sexta-feira (15), policiais da Radiopatrulha, prederam um homem por tr\u00e1fico de droga ap\u00f3s uma abordagem. De acordo com a ocorr\u00eancia, o indiv\u00edduo de 18 anos estava em atitude suspeita quando ao ser abordado foram encontradas 270 gramas de maconha, uma balan\u00e7a de precis\u00e3o e &hellip;<\/p>\n","protected":false},"author":1,"featured_media":15653,"comment_status":"closed","ping_status":"closed","sticky":false,"template":"","format":"standard","meta":{"_jetpack_newsletter_access":"","_jetpack_dont_email_post_to_subs":false,"_jetpack_newsletter_tier_id":0,"_jetpack_memberships_contains_paywalled_content":false,"_jetpack_memberships_contains_paid_content":false,"footnotes":""},"categories":[1],"tags":[],"class_list":["post-15652","post","type-post","status-publish","format-standard","has-post-thumbnail","hentry","category-destaque"],"jetpack_sharing_enabled":true,"jetpack_featured_media_url":"","_links":{"self":[{"href":"https:\/\/www.oparanews.com.br\/index.php\/wp-json\/wp\/v2\/posts\/15652","targetHints":{"allow":["GET"]}}],"collection":[{"href":"https:\/\/www.oparanews.com.br\/index.php\/wp-json\/wp\/v2\/posts"}],"about":[{"href":"https:\/\/www.oparanews.com.br\/index.php\/wp-json\/wp\/v2\/types\/post"}],"author":[{"embeddable":true,"href":"https:\/\/www.oparanews.com.br\/index.php\/wp-json\/wp\/v2\/users\/1"}],"replies":[{"embeddable":true,"href":"https:\/\/www.oparanews.com.br\/index.php\/wp-json\/wp\/v2\/comments?post=15652"}],"version-history":[{"count":0,"href":"https:\/\/www.oparanews.com.br\/index.php\/wp-json\/wp\/v2\/posts\/15652\/revisions"}],"wp:attachment":[{"href":"https:\/\/www.oparanews.com.br\/index.php\/wp-json\/wp\/v2\/media?parent=15652"}],"wp:term":[{"taxonomy":"category","embeddable":true,"href":"https:\/\/www.oparanews.com.br\/index.php\/wp-json\/wp\/v2\/categories?post=15652"},{"taxonomy":"post_tag","embeddable":true,"href":"https:\/\/www.oparanews.com.br\/index.php\/wp-json\/wp\/v2\/tags?post=15652"}],"curies":[{"name":"wp","href":"https:\/\/api.w.org\/{rel}","templated":true}]}}