{"id":15655,"date":"2021-05-15T19:38:22","date_gmt":"2021-05-15T19:38:22","guid":{"rendered":"https:\/\/oparanews.com.br\/?p=15655"},"modified":"2021-05-15T19:38:22","modified_gmt":"2021-05-15T19:38:22","slug":"penedo-recebe-vacina-coronavac-para-agendados-da-segunda-dose-nos-dias-22-e-24-de-abril","status":"publish","type":"post","link":"https:\/\/www.oparanews.com.br\/index.php\/2021\/05\/15\/penedo-recebe-vacina-coronavac-para-agendados-da-segunda-dose-nos-dias-22-e-24-de-abril\/","title":{"rendered":"Penedo recebe vacina Coronavac para agendados da segunda dose nos dias 22 e 24 de abril"},"content":{"rendered":"<p>A Secretaria de Sa\u00fade de Penedo convoca as pessoas agendadas para receber a segunda dose da vacina Coronavac nos dias 22 ou 24 de abril para comparecer na Central de Vacina\u00e7\u00e3o na pr\u00f3xima segunda-feira, 17.<\/p>\n<p>A conclus\u00e3o da imuniza\u00e7\u00e3o contra o coronav\u00edrus ser\u00e1 feita com as 320 doses repassadas ao munic\u00edpio neste final de semana.<\/p>\n<p>Tamb\u00e9m ser\u00e3o atendidas as pessoas que deveriam ter recebido a segunda dose da Coronavac antes dos dias 22 e 24 de abril, mas n\u00e3o compareceram na Central de Vacina\u00e7\u00e3o.<\/p>\n<p>Para quem reside na zona rural e tamb\u00e9m estava agendado para concluir a imuniza\u00e7\u00e3o contra Covid nas datas mencionadas e nos dias anteriores, a Prefeitura de Penedo disponibiliza transporte dos povoados at\u00e9 a Central de Vacina que funciona na Escola Estadual Ernani M\u00e9ro.<\/p>\n<p>As pessoas devem comparecer levando o respectivo cart\u00e3o de vacina, a partir das 7 horas, com atendimento ao p\u00fablico encerrado \u00e0s 17 horas.<\/p>\n<p>O atendimento para as demais pessoas que ainda n\u00e3o contempladas com a segunda dose da Coronavac ocorrer\u00e1 assim que a Secretaria de Sa\u00fade receber novos lotes desta vacina.<\/p>\n<p>&nbsp;<\/p>\n<p><strong>Fonte: Decom &#8211; PMP<\/strong><\/p>\n<p>&nbsp;<\/p>\n","protected":false},"excerpt":{"rendered":"<p>A Secretaria de Sa\u00fade de Penedo convoca as pessoas agendadas para receber a segunda dose da vacina Coronavac nos dias 22 ou 24 de abril para comparecer na Central de Vacina\u00e7\u00e3o na pr\u00f3xima segunda-feira, 17. A conclus\u00e3o da imuniza\u00e7\u00e3o contra o coronav\u00edrus ser\u00e1 feita com as 320 doses repassadas ao munic\u00edpio neste final de semana. &hellip;<\/p>\n","protected":false},"author":1,"featured_media":15656,"comment_status":"closed","ping_status":"closed","sticky":false,"template":"","format":"standard","meta":{"_jetpack_newsletter_access":"","_jetpack_dont_email_post_to_subs":false,"_jetpack_newsletter_tier_id":0,"_jetpack_memberships_contains_paywalled_content":false,"_jetpack_memberships_contains_paid_content":false,"footnotes":""},"categories":[1],"tags":[],"class_list":["post-15655","post","type-post","status-publish","format-standard","has-post-thumbnail","hentry","category-destaque"],"jetpack_sharing_enabled":true,"jetpack_featured_media_url":"","_links":{"self":[{"href":"https:\/\/www.oparanews.com.br\/index.php\/wp-json\/wp\/v2\/posts\/15655","targetHints":{"allow":["GET"]}}],"collection":[{"href":"https:\/\/www.oparanews.com.br\/index.php\/wp-json\/wp\/v2\/posts"}],"about":[{"href":"https:\/\/www.oparanews.com.br\/index.php\/wp-json\/wp\/v2\/types\/post"}],"author":[{"embeddable":true,"href":"https:\/\/www.oparanews.com.br\/index.php\/wp-json\/wp\/v2\/users\/1"}],"replies":[{"embeddable":true,"href":"https:\/\/www.oparanews.com.br\/index.php\/wp-json\/wp\/v2\/comments?post=15655"}],"version-history":[{"count":0,"href":"https:\/\/www.oparanews.com.br\/index.php\/wp-json\/wp\/v2\/posts\/15655\/revisions"}],"wp:attachment":[{"href":"https:\/\/www.oparanews.com.br\/index.php\/wp-json\/wp\/v2\/media?parent=15655"}],"wp:term":[{"taxonomy":"category","embeddable":true,"href":"https:\/\/www.oparanews.com.br\/index.php\/wp-json\/wp\/v2\/categories?post=15655"},{"taxonomy":"post_tag","embeddable":true,"href":"https:\/\/www.oparanews.com.br\/index.php\/wp-json\/wp\/v2\/tags?post=15655"}],"curies":[{"name":"wp","href":"https:\/\/api.w.org\/{rel}","templated":true}]}}