{"id":15687,"date":"2021-05-17T00:53:18","date_gmt":"2021-05-17T00:53:18","guid":{"rendered":"https:\/\/oparanews.com.br\/?p=15687"},"modified":"2021-05-17T00:53:18","modified_gmt":"2021-05-17T00:53:18","slug":"bruno-covas-e-enterrado-no-mesmo-cemiterio-que-o-avo-em-santos","status":"publish","type":"post","link":"https:\/\/www.oparanews.com.br\/index.php\/2021\/05\/17\/bruno-covas-e-enterrado-no-mesmo-cemiterio-que-o-avo-em-santos\/","title":{"rendered":"Bruno Covas \u00e9 enterrado no mesmo cemit\u00e9rio que o av\u00f4 em Santos"},"content":{"rendered":"<p>O corpo do prefeito de S\u00e3o Paulo, Bruno Covas (PSDB), foi sepultado no Cemit\u00e9rio do Paquet\u00e1, em Santos, no litoral paulista, no in\u00edcio da noite deste domingo (16). Familiares se despediram do pol\u00edtico no mesmo local em que o av\u00f4, M\u00e1rio Covas, foi enterrado h\u00e1 20 anos, ap\u00f3s morrer de c\u00e2ncer na bexiga. Covas lutava desde 2019 contra um c\u00e2ncer no sistema digestivo com met\u00e1stase nos ossos e no f\u00edgado.<\/p>\n<p>Bruno Covas estava internado desde 2 de maio. Na sexta-feira (14), ele teve uma piora no quadro de sa\u00fade e a equipe m\u00e9dica informou que seu quadro havia se tornado irrevers\u00edvel. De acordo com a unidade, o prefeito faleceu \u00e0s 8h20 deste domingo.<\/p>\n<p>Uma cerim\u00f4nia foi realizada no Edif\u00edcio Matarazzo, sede da prefeitura, reunindo familiares e amigos pr\u00f3ximos, por volta das 13h. A cerim\u00f4nia durou cerca de 50 minutos. Depois, o corpo de Bruno seguiu em cortejo em carro de bombeiros por ruas da capital at\u00e9 a Pra\u00e7a Oswaldo Cruz. Durante o trajeto, na Avenida Paulista, o carro dos bombeiros foi cercado por simpatizantes que queriam se despedir e seguravam faixas e cartazes.<\/p>\n<p>Em seguida, o cortejo com familiares e amigos pr\u00f3ximos, incluindo o governador Jo\u00e3o Doria (PSDB), seguiu para Santos, at\u00e9 o Cemit\u00e9rio do Paquet\u00e1, onde chegou por volta das 17h40. Equipes da Guarda Civil Municipal (GCM) de Santos montaram um cerco no entorno do cemit\u00e9rio, para evitar aglomera\u00e7\u00f5es.<\/p>\n<p>Repercuss\u00e3o em Santos<\/p>\n<p>O ex-prefeito de Santos, Jo\u00e3o Paulo Tavares Papa, lamentou a morte de Bruno Covas descrevendo como uma \u201cperda imensa\u201d. O pol\u00edtico ainda relembrou a \u00e9poca em que ambos disputaram uma elei\u00e7\u00e3o em Santos, quando Covas concorria como vice.<\/p>\n<p>\u201cO Bruno \u00e9 um exemplo para a juventude brasileira, porque ele, apesar de todas as dificuldades pessoais que estava enfrentando, e com todas as dificuldades que o Brasil atravessa no campo pol\u00edtico, continuava dando demonstra\u00e7\u00f5es a toda a nossa popula\u00e7\u00e3o e aos jovens, em particular, j\u00e1 que acreditava na pol\u00edtica, sabia que a \u00fanica transforma\u00e7\u00e3o poss\u00edvel para o nosso pa\u00eds, e para todos os pa\u00edses, \u00e9 atrav\u00e9s da pol\u00edtica, da boa pol\u00edtica. Deixou essa mensagem muito forte\u201d, disse o ex-prefeito.<\/p>\n<p>O tamb\u00e9m ex-prefeito de Santos Paulo Alexandre Barbosa lembrou os dias de conviv\u00eancia, quando ambos atuavam como deputados na Assembleia Legislativa. \u201cUma grande perda para todos n\u00f3s, um santista ilustre, uma perda para Santos, para o Brasil, pela lideran\u00e7a do Bruno\u201d, disse Barbosa.<\/p>\n<p>J\u00e1 o atual prefeito de Santos, Rog\u00e9rio Santos, afirmou que Bruno foi um exemplo desde a juventude. \u201cO Bruno era um homem corajoso, um exemplo para todos n\u00f3s, de determina\u00e7\u00e3o, de compromisso com o poder p\u00fablico, com a pol\u00edtica, com a gest\u00e3o p\u00fablica, era um homem que deu grandes exemplos. Deixou o legado da boa pol\u00edtica, da boa gest\u00e3o\u201d. O prefeito ainda diz que a administra\u00e7\u00e3o vai pensar em uma homenagem para Covas, que \u00e9 natural da cidade do litoral. Foi decretado luto oficial de tr\u00eas dias no munic\u00edpio.<\/p>\n<p>O governador Jo\u00e3o Doria falou sobre a morte de Bruno Covas na sa\u00edda do sepultamento em Santos. Ele comentou a import\u00e2ncia do pol\u00edtico, que come\u00e7ou a trajet\u00f3ria ainda jovem. \u201cBruno deixa uma hist\u00f3ria escrita, ainda que na sua juventude, e essa hist\u00f3ria ser\u00e1 sempre um grande exemplo para todos n\u00f3s, na nossa vida pessoal, na nossa vida familiar e na nossa vida pol\u00edtica, tamb\u00e9m\u201d, disse Doria. Ele ainda reiterou que a cerim\u00f4nia foi restrita a amigos e familiares, da maneira que Covas desejava.<\/p>\n<p>&#8220;Aos 41 anos, ele se despediu de n\u00f3s, mas deixou um legado, um legado de algu\u00e9m que, no plano humano, foi afetivo, humano, carinhoso, amoroso, sincero, compartilhador, e dividiu com os seus amigos, seus familiares e com o seu filho seu esp\u00edrito sempre muito afetuoso, brincalh\u00e3o e integrador&#8221;, descreve Doria.<\/p>\n<p><strong>Fonte: G1<\/strong><\/p>\n<p>&nbsp;<\/p>\n","protected":false},"excerpt":{"rendered":"<p>O corpo do prefeito de S\u00e3o Paulo, Bruno Covas (PSDB), foi sepultado no Cemit\u00e9rio do Paquet\u00e1, em Santos, no litoral paulista, no in\u00edcio da noite deste domingo (16). Familiares se despediram do pol\u00edtico no mesmo local em que o av\u00f4, M\u00e1rio Covas, foi enterrado h\u00e1 20 anos, ap\u00f3s morrer de c\u00e2ncer na bexiga. Covas lutava &hellip;<\/p>\n","protected":false},"author":1,"featured_media":15688,"comment_status":"closed","ping_status":"closed","sticky":false,"template":"","format":"standard","meta":{"_jetpack_newsletter_access":"","_jetpack_dont_email_post_to_subs":false,"_jetpack_newsletter_tier_id":0,"_jetpack_memberships_contains_paywalled_content":false,"_jetpack_memberships_contains_paid_content":false,"footnotes":""},"categories":[1],"tags":[],"class_list":["post-15687","post","type-post","status-publish","format-standard","has-post-thumbnail","hentry","category-destaque"],"jetpack_sharing_enabled":true,"jetpack_featured_media_url":"","_links":{"self":[{"href":"https:\/\/www.oparanews.com.br\/index.php\/wp-json\/wp\/v2\/posts\/15687","targetHints":{"allow":["GET"]}}],"collection":[{"href":"https:\/\/www.oparanews.com.br\/index.php\/wp-json\/wp\/v2\/posts"}],"about":[{"href":"https:\/\/www.oparanews.com.br\/index.php\/wp-json\/wp\/v2\/types\/post"}],"author":[{"embeddable":true,"href":"https:\/\/www.oparanews.com.br\/index.php\/wp-json\/wp\/v2\/users\/1"}],"replies":[{"embeddable":true,"href":"https:\/\/www.oparanews.com.br\/index.php\/wp-json\/wp\/v2\/comments?post=15687"}],"version-history":[{"count":0,"href":"https:\/\/www.oparanews.com.br\/index.php\/wp-json\/wp\/v2\/posts\/15687\/revisions"}],"wp:attachment":[{"href":"https:\/\/www.oparanews.com.br\/index.php\/wp-json\/wp\/v2\/media?parent=15687"}],"wp:term":[{"taxonomy":"category","embeddable":true,"href":"https:\/\/www.oparanews.com.br\/index.php\/wp-json\/wp\/v2\/categories?post=15687"},{"taxonomy":"post_tag","embeddable":true,"href":"https:\/\/www.oparanews.com.br\/index.php\/wp-json\/wp\/v2\/tags?post=15687"}],"curies":[{"name":"wp","href":"https:\/\/api.w.org\/{rel}","templated":true}]}}