{"id":15692,"date":"2021-05-17T15:01:45","date_gmt":"2021-05-17T15:01:45","guid":{"rendered":"https:\/\/oparanews.com.br\/?p=15692"},"modified":"2021-05-17T15:01:45","modified_gmt":"2021-05-17T15:01:45","slug":"pais-de-criancas-da-educacao-infantil-participam-das-atividades-enviadas-pela-semed-penedo","status":"publish","type":"post","link":"https:\/\/www.oparanews.com.br\/index.php\/2021\/05\/17\/pais-de-criancas-da-educacao-infantil-participam-das-atividades-enviadas-pela-semed-penedo\/","title":{"rendered":"Pais de crian\u00e7as da Educa\u00e7\u00e3o Infantil participam das atividades enviadas pela Semed Penedo"},"content":{"rendered":"<p>Crian\u00e7as matriculadas na Educa\u00e7\u00e3o Infantil na rede da Secretaria Municipal de Educa\u00e7\u00e3o (Semed) em Penedo recebem atividades pedag\u00f3gicas para desenvolver em casa, tarefas que est\u00e3o cumprindo com apoio dos pais ou respons\u00e1veis.<\/p>\n<p>A suspens\u00e3o das atividades presenciais \u00e9 consequ\u00eancia da pandemia de Covid-19, problema de sa\u00fade p\u00fablica que a Prefeitura de Penedo trata com efici\u00eancia, sendo o \u00fanico munic\u00edpio de Alagoas que vacina trabalhadores da Educa\u00e7\u00e3o com idade igual ou superior a 18 anos, grupo priorit\u00e1rio com mais de mil pessoas imunizadas at\u00e9 este in\u00edcio de semana.<\/p>\n<p>Enquanto o contato direto entre professores e crian\u00e7as da Educa\u00e7\u00e3o Infantil ainda n\u00e3o retorna \u00e0 normalidade do ambiente escolar, meninos e meninas respondem positivamente aos est\u00edmulos, acompanhados por seus pais.<\/p>\n<p>A Educa\u00e7\u00e3o Infantil \u00e9 uma etapa com especificidades pr\u00f3prias, considerada extremamente importante para o desenvolvimento das crian\u00e7as pois marca o conv\u00edvio fora do n\u00facleo familiar, situa\u00e7\u00e3o suspensa em fun\u00e7\u00e3o do coronav\u00edrus.<\/p>\n<p>Assim, crian\u00e7as e pais estreitam os la\u00e7os de afeto e conv\u00edvio por meio das brincadeiras e intera\u00e7\u00f5es. \u201c\u00c9 importante ressaltar que a Semed desenvolve forma\u00e7\u00f5es e estudos dos documentos norteadores da Educa\u00e7\u00e3o Infantil, com coordenadores pedag\u00f3gicos e professores da rede para ampliar o entendimento a respeito do trabalho\u201d, informa a Secretaria Municipal de Educa\u00e7\u00e3o, C\u00edntya Alves.<\/p>\n<p>\u201cComo ainda estamos trabalhando de forma remota, contamos com a parceria da fam\u00edlia para desenvolver as atividades propostas por nossas professoras para estimular as crian\u00e7as atrav\u00e9s de brincadeiras, jogos e desafios que estimulam iniciativas aut\u00f4nomas, conforme os recursos dispon\u00edveis, processo que torna a crian\u00e7a segura para lidar com situa\u00e7\u00f5es diversas\u201d, acrescenta Leonildes Rodrigues Moreira, Coordenadora da Educa\u00e7\u00e3o Infantil da Semed Penedo.<\/p>\n<p>&nbsp;<\/p>\n<p><strong>Fonte: Decom PMP com Assessoria Semed<\/strong><\/p>\n<p>&nbsp;<\/p>\n","protected":false},"excerpt":{"rendered":"<p>Crian\u00e7as matriculadas na Educa\u00e7\u00e3o Infantil na rede da Secretaria Municipal de Educa\u00e7\u00e3o (Semed) em Penedo recebem atividades pedag\u00f3gicas para desenvolver em casa, tarefas que est\u00e3o cumprindo com apoio dos pais ou respons\u00e1veis. A suspens\u00e3o das atividades presenciais \u00e9 consequ\u00eancia da pandemia de Covid-19, problema de sa\u00fade p\u00fablica que a Prefeitura de Penedo trata com efici\u00eancia, &hellip;<\/p>\n","protected":false},"author":1,"featured_media":15693,"comment_status":"closed","ping_status":"closed","sticky":false,"template":"","format":"standard","meta":{"_jetpack_newsletter_access":"","_jetpack_dont_email_post_to_subs":false,"_jetpack_newsletter_tier_id":0,"_jetpack_memberships_contains_paywalled_content":false,"_jetpack_memberships_contains_paid_content":false,"footnotes":""},"categories":[1],"tags":[],"class_list":["post-15692","post","type-post","status-publish","format-standard","has-post-thumbnail","hentry","category-destaque"],"jetpack_sharing_enabled":true,"jetpack_featured_media_url":"","_links":{"self":[{"href":"https:\/\/www.oparanews.com.br\/index.php\/wp-json\/wp\/v2\/posts\/15692","targetHints":{"allow":["GET"]}}],"collection":[{"href":"https:\/\/www.oparanews.com.br\/index.php\/wp-json\/wp\/v2\/posts"}],"about":[{"href":"https:\/\/www.oparanews.com.br\/index.php\/wp-json\/wp\/v2\/types\/post"}],"author":[{"embeddable":true,"href":"https:\/\/www.oparanews.com.br\/index.php\/wp-json\/wp\/v2\/users\/1"}],"replies":[{"embeddable":true,"href":"https:\/\/www.oparanews.com.br\/index.php\/wp-json\/wp\/v2\/comments?post=15692"}],"version-history":[{"count":0,"href":"https:\/\/www.oparanews.com.br\/index.php\/wp-json\/wp\/v2\/posts\/15692\/revisions"}],"wp:attachment":[{"href":"https:\/\/www.oparanews.com.br\/index.php\/wp-json\/wp\/v2\/media?parent=15692"}],"wp:term":[{"taxonomy":"category","embeddable":true,"href":"https:\/\/www.oparanews.com.br\/index.php\/wp-json\/wp\/v2\/categories?post=15692"},{"taxonomy":"post_tag","embeddable":true,"href":"https:\/\/www.oparanews.com.br\/index.php\/wp-json\/wp\/v2\/tags?post=15692"}],"curies":[{"name":"wp","href":"https:\/\/api.w.org\/{rel}","templated":true}]}}