{"id":15698,"date":"2021-05-17T16:40:30","date_gmt":"2021-05-17T16:40:30","guid":{"rendered":"https:\/\/oparanews.com.br\/?p=15698"},"modified":"2021-05-17T16:40:30","modified_gmt":"2021-05-17T16:40:30","slug":"circuito-penedo-de-cinema-abre-inscricao-para-curtas-metragens","status":"publish","type":"post","link":"https:\/\/www.oparanews.com.br\/index.php\/2021\/05\/17\/circuito-penedo-de-cinema-abre-inscricao-para-curtas-metragens\/","title":{"rendered":"Circuito Penedo de Cinema abre inscri\u00e7\u00e3o para curtas-metragens"},"content":{"rendered":"<p>As inscri\u00e7\u00f5es dos curtas-metragens para a 11\u00aa edi\u00e7\u00e3o do Circuito Penedo de Cinema come\u00e7am no dia 21 de maio. A organiza\u00e7\u00e3o do evento lan\u00e7ou o edital para a mostra nesta segunda-feira (17).<\/p>\n<p>O Circuito Penedo acontece de 22 a 28 de novembro. Os interessados devem fazer a inscri\u00e7\u00e3o pela internet at\u00e9 o dia 11 de julho.<\/p>\n<p><a href=\"https:\/\/linktr.ee\/circuitopenedecinema\"><strong>Clique aqui para ter acesso ao edital e ao formul\u00e1rio de inscri\u00e7\u00e3o<\/strong><\/a><\/p>\n<p>As produ\u00e7\u00f5es podem ser inscritas em uma das tr\u00eas mostras competitivas que comp\u00f5em o Circuito:<\/p>\n<p>14\u00ba Festival do Cinema Brasileiro de Penedo (exceto filmes publicit\u00e1rios e institucionais)<br \/>\n11\u00ba Festival de Cinema Universit\u00e1rio de Alagoas (produ\u00e7\u00f5es feitas nas institui\u00e7\u00f5es de ensino superior e escolas t\u00e9cnicas de cinema)<br \/>\n8\u00ba Festival Velho Chico de Cinema Ambiental (tem\u00e1ticas direcionadas ao meio ambiente)<\/p>\n<p>Os filmes devem ter at\u00e9 25 minutos de dura\u00e7\u00e3o, incluindo os cr\u00e9ditos. O resultado da sele\u00e7\u00e3o deve ser divulgado no dia 30 de agosto.<\/p>\n<p>A \u00faltima edi\u00e7\u00e3o, o evento recebeu mais de 800 filmes inscritos de todo o pa\u00eds.<\/p>\n<p>&nbsp;<\/p>\n<p><strong>Fonte: G1\/AL<\/strong><\/p>\n<p>&nbsp;<\/p>\n","protected":false},"excerpt":{"rendered":"<p>As inscri\u00e7\u00f5es dos curtas-metragens para a 11\u00aa edi\u00e7\u00e3o do Circuito Penedo de Cinema come\u00e7am no dia 21 de maio. A organiza\u00e7\u00e3o do evento lan\u00e7ou o edital para a mostra nesta segunda-feira (17). O Circuito Penedo acontece de 22 a 28 de novembro. Os interessados devem fazer a inscri\u00e7\u00e3o pela internet at\u00e9 o dia 11 de &hellip;<\/p>\n","protected":false},"author":1,"featured_media":15699,"comment_status":"closed","ping_status":"closed","sticky":false,"template":"","format":"standard","meta":{"_jetpack_newsletter_access":"","_jetpack_dont_email_post_to_subs":false,"_jetpack_newsletter_tier_id":0,"_jetpack_memberships_contains_paywalled_content":false,"_jetpack_memberships_contains_paid_content":false,"footnotes":""},"categories":[1],"tags":[],"class_list":["post-15698","post","type-post","status-publish","format-standard","has-post-thumbnail","hentry","category-destaque"],"jetpack_sharing_enabled":true,"jetpack_featured_media_url":"","_links":{"self":[{"href":"https:\/\/www.oparanews.com.br\/index.php\/wp-json\/wp\/v2\/posts\/15698","targetHints":{"allow":["GET"]}}],"collection":[{"href":"https:\/\/www.oparanews.com.br\/index.php\/wp-json\/wp\/v2\/posts"}],"about":[{"href":"https:\/\/www.oparanews.com.br\/index.php\/wp-json\/wp\/v2\/types\/post"}],"author":[{"embeddable":true,"href":"https:\/\/www.oparanews.com.br\/index.php\/wp-json\/wp\/v2\/users\/1"}],"replies":[{"embeddable":true,"href":"https:\/\/www.oparanews.com.br\/index.php\/wp-json\/wp\/v2\/comments?post=15698"}],"version-history":[{"count":0,"href":"https:\/\/www.oparanews.com.br\/index.php\/wp-json\/wp\/v2\/posts\/15698\/revisions"}],"wp:attachment":[{"href":"https:\/\/www.oparanews.com.br\/index.php\/wp-json\/wp\/v2\/media?parent=15698"}],"wp:term":[{"taxonomy":"category","embeddable":true,"href":"https:\/\/www.oparanews.com.br\/index.php\/wp-json\/wp\/v2\/categories?post=15698"},{"taxonomy":"post_tag","embeddable":true,"href":"https:\/\/www.oparanews.com.br\/index.php\/wp-json\/wp\/v2\/tags?post=15698"}],"curies":[{"name":"wp","href":"https:\/\/api.w.org\/{rel}","templated":true}]}}