{"id":15704,"date":"2021-05-17T19:29:43","date_gmt":"2021-05-17T19:29:43","guid":{"rendered":"https:\/\/oparanews.com.br\/?p=15704"},"modified":"2021-05-17T19:29:43","modified_gmt":"2021-05-17T19:29:43","slug":"bolsonaro-critica-idiotas-que-ainda-defendem-ficar-em-casa","status":"publish","type":"post","link":"https:\/\/www.oparanews.com.br\/index.php\/2021\/05\/17\/bolsonaro-critica-idiotas-que-ainda-defendem-ficar-em-casa\/","title":{"rendered":"Bolsonaro critica &#8220;idiotas&#8221; que ainda defendem ficar em casa"},"content":{"rendered":"<p>O presidente Jair Bolsonaro chamou, nesta segunda-feira, de &#8220;idiotas&#8221; aqueles que defendem o isolamento social para combater a dissemina\u00e7\u00e3o do coronav\u00edrus, apesar de a medida ser considerada por especialistas como uma das principais armas para conter a covid-19.<\/p>\n<p>&#8220;Tem uns idiotas a\u00ed at\u00e9 hoje do fique em casa. Se o campo tivesse ficado em casa esse cara tinha morrido de fome&#8221;, disse Bolsonaro a apoiadores na sa\u00edda do Pal\u00e1cio da Alvorada, ao agradecer o apoio que recebeu no fim de semana de produtores e representantes do agroneg\u00f3cio que participaram de ato em Bras\u00edlia.<\/p>\n<p>Desde o in\u00edcio da pandemia o presidente ataca medidas adotadas por governadores e prefeitos com base em recomenda\u00e7\u00e3o cient\u00edfica para restringir a circula\u00e7\u00e3o e aglomera\u00e7\u00f5es de pessoas como forma de reduzir a transmiss\u00e3o do coronav\u00edrus.<\/p>\n<p>Ao discursar no ato em seu favor no s\u00e1bado, que provocou aglomera\u00e7\u00e3o, Bolsonaro disse que &#8220;n\u00e3o \u00e9 ficando embaixo da cama em casa que vamos solucionar esse problema&#8221; da pandemia.<\/p>\n<p>No in\u00edcio do m\u00eas, Bolsonaro amea\u00e7ou editar um decreto para &#8220;garantir o direito de ir e vir&#8221; e desafiou o Supremo Tribunal Federal (STF) na ocasi\u00e3o ao dizer que se o texto for publicado n\u00e3o seria contestado em &#8220;nenhum tribunal&#8221;.<\/p>\n<p>O Brasil possui o segundo maior n\u00famero de mortes pela doen\u00e7a no mundo, abaixo apenas dos Estados Unidos, e a terceira maior contagem de casos confirmados de coronav\u00edrus, atr\u00e1s dos EUA e da \u00cdndia. No domingo, informou o Minist\u00e9rio da Sa\u00fade, foram registradas 1.036 novas mortes em decorr\u00eancia da covid-19, elevando o total de \u00f3bitos pela doen\u00e7a a 435.751. O n\u00famero total de infec\u00e7\u00f5es no pa\u00eds chega a 15.627.475.<\/p>\n<p>&nbsp;<\/p>\n<p><strong>Fonte: Terra<\/strong><\/p>\n<p>&nbsp;<\/p>\n","protected":false},"excerpt":{"rendered":"<p>O presidente Jair Bolsonaro chamou, nesta segunda-feira, de &#8220;idiotas&#8221; aqueles que defendem o isolamento social para combater a dissemina\u00e7\u00e3o do coronav\u00edrus, apesar de a medida ser considerada por especialistas como uma das principais armas para conter a covid-19. &#8220;Tem uns idiotas a\u00ed at\u00e9 hoje do fique em casa. Se o campo tivesse ficado em casa &hellip;<\/p>\n","protected":false},"author":1,"featured_media":15705,"comment_status":"closed","ping_status":"closed","sticky":false,"template":"","format":"standard","meta":{"_jetpack_newsletter_access":"","_jetpack_dont_email_post_to_subs":false,"_jetpack_newsletter_tier_id":0,"_jetpack_memberships_contains_paywalled_content":false,"_jetpack_memberships_contains_paid_content":false,"footnotes":""},"categories":[1],"tags":[],"class_list":["post-15704","post","type-post","status-publish","format-standard","has-post-thumbnail","hentry","category-destaque"],"jetpack_sharing_enabled":true,"jetpack_featured_media_url":"","_links":{"self":[{"href":"https:\/\/www.oparanews.com.br\/index.php\/wp-json\/wp\/v2\/posts\/15704","targetHints":{"allow":["GET"]}}],"collection":[{"href":"https:\/\/www.oparanews.com.br\/index.php\/wp-json\/wp\/v2\/posts"}],"about":[{"href":"https:\/\/www.oparanews.com.br\/index.php\/wp-json\/wp\/v2\/types\/post"}],"author":[{"embeddable":true,"href":"https:\/\/www.oparanews.com.br\/index.php\/wp-json\/wp\/v2\/users\/1"}],"replies":[{"embeddable":true,"href":"https:\/\/www.oparanews.com.br\/index.php\/wp-json\/wp\/v2\/comments?post=15704"}],"version-history":[{"count":0,"href":"https:\/\/www.oparanews.com.br\/index.php\/wp-json\/wp\/v2\/posts\/15704\/revisions"}],"wp:attachment":[{"href":"https:\/\/www.oparanews.com.br\/index.php\/wp-json\/wp\/v2\/media?parent=15704"}],"wp:term":[{"taxonomy":"category","embeddable":true,"href":"https:\/\/www.oparanews.com.br\/index.php\/wp-json\/wp\/v2\/categories?post=15704"},{"taxonomy":"post_tag","embeddable":true,"href":"https:\/\/www.oparanews.com.br\/index.php\/wp-json\/wp\/v2\/tags?post=15704"}],"curies":[{"name":"wp","href":"https:\/\/api.w.org\/{rel}","templated":true}]}}