{"id":15710,"date":"2021-05-17T19:34:39","date_gmt":"2021-05-17T19:34:39","guid":{"rendered":"https:\/\/oparanews.com.br\/?p=15710"},"modified":"2021-05-17T19:34:39","modified_gmt":"2021-05-17T19:34:39","slug":"finais-do-paulistao-acontecerao-na-quinta-e-no-domingo","status":"publish","type":"post","link":"https:\/\/www.oparanews.com.br\/index.php\/2021\/05\/17\/finais-do-paulistao-acontecerao-na-quinta-e-no-domingo\/","title":{"rendered":"Finais do Paulist\u00e3o acontecer\u00e3o na quinta e no domingo"},"content":{"rendered":"<p>A Federa\u00e7\u00e3o Paulista de Futebol (FPF) definiu na manh\u00e3 desta segunda-feira as datas, hor\u00e1rios e locais das finais do Campeonato Paulista Sicredi 2021. A primeira partida entre S\u00e3o Paulo e Palmeiras ser\u00e1 na quinta-feira, no Allianz Parque, \u00e0s 22h. O jogo decisivo est\u00e1 marcado para o domingo, \u00e0s 16h, no est\u00e1dio do Morumbi.<\/p>\n<p>O S\u00e3o Paulo tem a vantagem de decidir em casa porque foi o time de melhor campanha na somat\u00f3ria das fases. N\u00e3o haver\u00e1 gol marcado fora de casa como crit\u00e9rio de desempate. Se houver empate nos dois jogos, o t\u00edtulo ser\u00e1 definido nas cobran\u00e7as de p\u00eanalti. Os dois duelos ter\u00e3o transmiss\u00e3o de Globo, Sportv e Premiere.<\/p>\n<p>O presidente da FPF, Reinaldo Carneiro Bastos, j\u00e1 havia adiantado que as finais deveriam ser realizadas na quinta-feira e domingo. Faltava definir os hor\u00e1rios dos jogos, o que foi anunciado nesta segunda ap\u00f3s reuni\u00e3o virtual do conselho t\u00e9cnico da entidade que comanda o futebol paulista.<\/p>\n<p>O Palmeiras avan\u00e7ou \u00e0 final do Campeonato Paulista ap\u00f3s vencer com o autoridade o Corinthians por 2 a 0 no cl\u00e1ssico realizado na Neo Qu\u00edmica Arena. O S\u00e3o Paulo tamb\u00e9m se imp\u00f4s nas semifinais ao golear o Mirassol por 4 a 0 no Morumbi.<\/p>\n<p>Palmeiras e S\u00e3o Paulo ter\u00e3o compromisso pela Libertadores antes de decidirem o t\u00edtulo estadual. Ambos jogam ter\u00e7a-feira, em suas casas, contra rivais argentinos. O time alviverde encara o Defensa y Justicia, \u00e0s 19h15, e a equipe tricolor enfrenta o Racing, \u00e0s 21h30. Os comandados de Abel Ferreira est\u00e3o em situa\u00e7\u00e3o mais confort\u00e1vel, j\u00e1 que garantiram vaga antecipada \u00e0s oitavas e ostentam 100% de aproveitamento no torneio continental.<\/p>\n<p>&nbsp;<\/p>\n<p><strong>Fonte: Estad\u00e3o<\/strong><\/p>\n<p>&nbsp;<\/p>\n","protected":false},"excerpt":{"rendered":"<p>A Federa\u00e7\u00e3o Paulista de Futebol (FPF) definiu na manh\u00e3 desta segunda-feira as datas, hor\u00e1rios e locais das finais do Campeonato Paulista Sicredi 2021. A primeira partida entre S\u00e3o Paulo e Palmeiras ser\u00e1 na quinta-feira, no Allianz Parque, \u00e0s 22h. O jogo decisivo est\u00e1 marcado para o domingo, \u00e0s 16h, no est\u00e1dio do Morumbi. O S\u00e3o &hellip;<\/p>\n","protected":false},"author":1,"featured_media":15711,"comment_status":"closed","ping_status":"closed","sticky":false,"template":"","format":"standard","meta":{"_jetpack_newsletter_access":"","_jetpack_dont_email_post_to_subs":false,"_jetpack_newsletter_tier_id":0,"_jetpack_memberships_contains_paywalled_content":false,"_jetpack_memberships_contains_paid_content":false,"footnotes":""},"categories":[1],"tags":[],"class_list":["post-15710","post","type-post","status-publish","format-standard","has-post-thumbnail","hentry","category-destaque"],"jetpack_sharing_enabled":true,"jetpack_featured_media_url":"","_links":{"self":[{"href":"https:\/\/www.oparanews.com.br\/index.php\/wp-json\/wp\/v2\/posts\/15710","targetHints":{"allow":["GET"]}}],"collection":[{"href":"https:\/\/www.oparanews.com.br\/index.php\/wp-json\/wp\/v2\/posts"}],"about":[{"href":"https:\/\/www.oparanews.com.br\/index.php\/wp-json\/wp\/v2\/types\/post"}],"author":[{"embeddable":true,"href":"https:\/\/www.oparanews.com.br\/index.php\/wp-json\/wp\/v2\/users\/1"}],"replies":[{"embeddable":true,"href":"https:\/\/www.oparanews.com.br\/index.php\/wp-json\/wp\/v2\/comments?post=15710"}],"version-history":[{"count":0,"href":"https:\/\/www.oparanews.com.br\/index.php\/wp-json\/wp\/v2\/posts\/15710\/revisions"}],"wp:attachment":[{"href":"https:\/\/www.oparanews.com.br\/index.php\/wp-json\/wp\/v2\/media?parent=15710"}],"wp:term":[{"taxonomy":"category","embeddable":true,"href":"https:\/\/www.oparanews.com.br\/index.php\/wp-json\/wp\/v2\/categories?post=15710"},{"taxonomy":"post_tag","embeddable":true,"href":"https:\/\/www.oparanews.com.br\/index.php\/wp-json\/wp\/v2\/tags?post=15710"}],"curies":[{"name":"wp","href":"https:\/\/api.w.org\/{rel}","templated":true}]}}