{"id":15720,"date":"2021-05-18T01:10:27","date_gmt":"2021-05-18T01:10:27","guid":{"rendered":"https:\/\/oparanews.com.br\/?p=15720"},"modified":"2021-05-18T01:10:27","modified_gmt":"2021-05-18T01:10:27","slug":"aumento-casos-ativos-de-covid-19-em-penedo-esta-em-368-2","status":"publish","type":"post","link":"https:\/\/www.oparanews.com.br\/index.php\/2021\/05\/18\/aumento-casos-ativos-de-covid-19-em-penedo-esta-em-368-2\/","title":{"rendered":"Casos ativos de Covid-19 em Penedo est\u00e1 em 368"},"content":{"rendered":"<p>O Boletim Epidemiol\u00f3gico da Covid-19 de Penedo, desta segunda-feira, 17, aponta 3.565 casos confirmados. S\u00e3o 82 casos h\u00e1 mais do que o \u00faltimo boletim divulgado pela Secretaria Municipal de Sa\u00fade.<\/p>\n<p>O n\u00famero de \u00f3bito est\u00e1 em 35. Neste momento h\u00e1 368 casos ativos da doen\u00e7a. Isso monstra que a cada dia o n\u00famero de pessoas infectadas vem crescendo.<\/p>\n<p>Al\u00e9m da conscientiza\u00e7\u00e3o das pessoas quanto a seguir a risca as orienta\u00e7\u00f5es de distanciamento f\u00edsico e higieniza\u00e7\u00e3o, a Prefeitura precisa ser mais ativa para tentar controlar esse \u00edndices.<\/p>\n<p>&nbsp;<\/p>\n<p><strong>por Reda\u00e7\u00e3o<\/strong><\/p>\n<p>&nbsp;<\/p>\n","protected":false},"excerpt":{"rendered":"<p>O Boletim Epidemiol\u00f3gico da Covid-19 de Penedo, desta segunda-feira, 17, aponta 3.565 casos confirmados. S\u00e3o 82 casos h\u00e1 mais do que o \u00faltimo boletim divulgado pela Secretaria Municipal de Sa\u00fade. O n\u00famero de \u00f3bito est\u00e1 em 35. Neste momento h\u00e1 368 casos ativos da doen\u00e7a. Isso monstra que a cada dia o n\u00famero de pessoas &hellip;<\/p>\n","protected":false},"author":1,"featured_media":2629,"comment_status":"closed","ping_status":"closed","sticky":false,"template":"","format":"standard","meta":{"_jetpack_newsletter_access":"","_jetpack_dont_email_post_to_subs":false,"_jetpack_newsletter_tier_id":0,"_jetpack_memberships_contains_paywalled_content":false,"_jetpack_memberships_contains_paid_content":false,"footnotes":""},"categories":[1],"tags":[],"class_list":["post-15720","post","type-post","status-publish","format-standard","has-post-thumbnail","hentry","category-destaque"],"jetpack_sharing_enabled":true,"jetpack_featured_media_url":"","_links":{"self":[{"href":"https:\/\/www.oparanews.com.br\/index.php\/wp-json\/wp\/v2\/posts\/15720","targetHints":{"allow":["GET"]}}],"collection":[{"href":"https:\/\/www.oparanews.com.br\/index.php\/wp-json\/wp\/v2\/posts"}],"about":[{"href":"https:\/\/www.oparanews.com.br\/index.php\/wp-json\/wp\/v2\/types\/post"}],"author":[{"embeddable":true,"href":"https:\/\/www.oparanews.com.br\/index.php\/wp-json\/wp\/v2\/users\/1"}],"replies":[{"embeddable":true,"href":"https:\/\/www.oparanews.com.br\/index.php\/wp-json\/wp\/v2\/comments?post=15720"}],"version-history":[{"count":0,"href":"https:\/\/www.oparanews.com.br\/index.php\/wp-json\/wp\/v2\/posts\/15720\/revisions"}],"wp:attachment":[{"href":"https:\/\/www.oparanews.com.br\/index.php\/wp-json\/wp\/v2\/media?parent=15720"}],"wp:term":[{"taxonomy":"category","embeddable":true,"href":"https:\/\/www.oparanews.com.br\/index.php\/wp-json\/wp\/v2\/categories?post=15720"},{"taxonomy":"post_tag","embeddable":true,"href":"https:\/\/www.oparanews.com.br\/index.php\/wp-json\/wp\/v2\/tags?post=15720"}],"curies":[{"name":"wp","href":"https:\/\/api.w.org\/{rel}","templated":true}]}}