{"id":15723,"date":"2021-05-18T01:57:58","date_gmt":"2021-05-18T01:57:58","guid":{"rendered":"https:\/\/oparanews.com.br\/?p=15723"},"modified":"2021-05-18T01:57:58","modified_gmt":"2021-05-18T01:57:58","slug":"confira-os-requerimentos-dos-vereadores-dr-epson-irmao-joao-e-rodrigo-regueira","status":"publish","type":"post","link":"https:\/\/www.oparanews.com.br\/index.php\/2021\/05\/18\/confira-os-requerimentos-dos-vereadores-dr-epson-irmao-joao-e-rodrigo-regueira\/","title":{"rendered":"Confira os requerimentos dos vereadores: Dr. Epson, Irm\u00e3o Jo\u00e3o e Rodrigo Regueira"},"content":{"rendered":"<p><strong><a href=\"https:\/\/oparanews.com.br\/wp-content\/uploads\/2021\/05\/Dr-Epson-1.jpg\"><img loading=\"lazy\" decoding=\"async\" class=\"alignleft size-medium wp-image-15726\" src=\"https:\/\/oparanews.com.br\/wp-content\/uploads\/2021\/05\/Dr-Epson-1-300x186.jpg\" alt=\"\" width=\"300\" height=\"186\" \/><\/a>Vereador Dr. Epson destaca realiza\u00e7\u00e3o de palestras sobre sa\u00fade da mulher<\/strong><\/p>\n<p>O Vereador Dr. Epson (Epson Valente Costa) realiza palestras sobre sa\u00fade da mulher nos postos de sa\u00fade da cidade e da zona rural de Penedo, a\u00e7\u00e3o que recebe elogios do p\u00fablico-alvo e pedido de retorno com novos temas, conforme comentou o parlamentar durante a sess\u00e3o legislativa de quinta-feira, 13.<\/p>\n<p>Dr. Epson frisou a import\u00e2ncia em levar informa\u00e7\u00f5es sobre problemas da sa\u00fade da mulher, como o c\u00e2ncer de colo de \u00fatero, agradecendo o carinho que recebeu das m\u00e3es e a distribui\u00e7\u00e3o de brindes que fez durante o trabalho de orienta\u00e7\u00e3o que assegurou a perman\u00eancia.<\/p>\n<p>Ainda sobre quest\u00f5es relacionadas com o bem-estar do sexo feminino, o parlamentar que atua como m\u00e9dico ginecologista falou sobre a relev\u00e2ncia da distribui\u00e7\u00e3o gratuita de absorventes femininos, conforme prop\u00f5e em projeto de lei de sua autoria que tramita na C\u00e2mara Municipal de Penedo.<\/p>\n<p><strong><a href=\"https:\/\/oparanews.com.br\/wp-content\/uploads\/2021\/05\/irmao-joao.jpg\"><img loading=\"lazy\" decoding=\"async\" class=\"alignleft size-medium wp-image-15725\" src=\"https:\/\/oparanews.com.br\/wp-content\/uploads\/2021\/05\/irmao-joao-300x200.jpg\" alt=\"\" width=\"300\" height=\"200\" \/><\/a>Vereador Irm\u00e3o Jo\u00e3o requer pavimenta\u00e7\u00e3o do acesso ao povoado Tabuleiro dos Negros<\/strong><\/p>\n<p>O Vereador Irm\u00e3o Jo\u00e3o (Jo\u00e3o Ferreira da Silva) apresenta indica\u00e7\u00e3o ao Governo de Alagoas e ao DER para asfaltar a estrada que leva aos povoados Tabuleiro dos Negros e Tapera, a partir da rodovia AL-110, investimento a ser viabilizado por meio do Programa Pr\u00f3-Estrada.<\/p>\n<p>O caminho cujo acesso \u00e9 conhecido como \u201cCabe\u00e7a do Boi\u201d atende moradores das duas comunidades localizadas na zona rural, sendo uma em Penedo e a outra em Igreja Nova, a\u00e7\u00e3o de grande import\u00e2ncia para as duas regi\u00f5es.<\/p>\n<p>Do poder p\u00fablico municipal, Irm\u00e3o Jo\u00e3o requer provid\u00eancias sobre a limpeza e a ilumina\u00e7\u00e3o da pra\u00e7a do conjunto residencial Velho Chico II e reivindica pavimenta\u00e7\u00e3o, com asfalto, da Rua S\u00e3o Sebasti\u00e3o, acesso at\u00e9 a Rua do Sossego, por meio do Programa Pr\u00f3-Estrada.<\/p>\n<p><strong><a href=\"https:\/\/oparanews.com.br\/wp-content\/uploads\/2021\/05\/rodrigo-regueira.jpg\"><img loading=\"lazy\" decoding=\"async\" class=\"alignleft size-medium wp-image-15724\" src=\"https:\/\/oparanews.com.br\/wp-content\/uploads\/2021\/05\/rodrigo-regueira-300x200.jpg\" alt=\"\" width=\"300\" height=\"200\" \/><\/a>Vereador Rodrigo Regueira prop\u00f5e projeto de ilumina\u00e7\u00e3o das pra\u00e7as do bairro Raimundo Marinho<\/strong><\/p>\n<p>Um dos maiores bairros de Penedo tem espa\u00e7os p\u00fablicos de lazer e conv\u00edvio mal iluminados. Mesmo sendo o mais novo da cidade, o Raimundo Marinho re\u00fane quase todos os investimentos em moradia popular realizados ao longo dos \u00faltimos 15 anos no munic\u00edpio.<\/p>\n<p>Para solucionar esse problema, o Vereador Rodrigo Regueira prop\u00f5e a realiza\u00e7\u00e3o de um grande projeto de ilumina\u00e7\u00e3o p\u00fablica das pra\u00e7as dos conjuntos Mata Atl\u00e2ntica, Velho Chico, Mariza Let\u00edcia, Vale do Marituba, Cidade do Povo e Nilo Menezes.<\/p>\n<p>O vereador tamb\u00e9m requer do poder p\u00fablico municipal a constru\u00e7\u00e3o de uma pra\u00e7a no povoado Manimb\u00fa, em frente \u00e0 igreja, al\u00e9m da reforma do posto de sa\u00fade da mesma comunidade rural ou constru\u00e7\u00e3o de um anexo para a presta\u00e7\u00e3o do servi\u00e7os,<\/p>\n<p>Rodrigo Regueira tamb\u00e9m destacou a reuni\u00e3o da Comiss\u00e3o Permanente de Fiscaliza\u00e7\u00e3o com representantes do poder p\u00fablico municipal e da OAB sobre problemas relacionados ao tr\u00e2nsito de Penedo, debate bastante proveitoso para elabora\u00e7\u00e3o de campanha educativa.<\/p>\n<p>&nbsp;<\/p>\n<p><strong>Fonte: Assessoria<\/strong><\/p>\n<p>&nbsp;<\/p>\n","protected":false},"excerpt":{"rendered":"<p>Vereador Dr. Epson destaca realiza\u00e7\u00e3o de palestras sobre sa\u00fade da mulher O Vereador Dr. Epson (Epson Valente Costa) realiza palestras sobre sa\u00fade da mulher nos postos de sa\u00fade da cidade e da zona rural de Penedo, a\u00e7\u00e3o que recebe elogios do p\u00fablico-alvo e pedido de retorno com novos temas, conforme comentou o parlamentar durante a &hellip;<\/p>\n","protected":false},"author":1,"featured_media":15727,"comment_status":"closed","ping_status":"closed","sticky":false,"template":"","format":"standard","meta":{"_jetpack_newsletter_access":"","_jetpack_dont_email_post_to_subs":false,"_jetpack_newsletter_tier_id":0,"_jetpack_memberships_contains_paywalled_content":false,"_jetpack_memberships_contains_paid_content":false,"footnotes":""},"categories":[1],"tags":[],"class_list":["post-15723","post","type-post","status-publish","format-standard","has-post-thumbnail","hentry","category-destaque"],"jetpack_sharing_enabled":true,"jetpack_featured_media_url":"","_links":{"self":[{"href":"https:\/\/www.oparanews.com.br\/index.php\/wp-json\/wp\/v2\/posts\/15723","targetHints":{"allow":["GET"]}}],"collection":[{"href":"https:\/\/www.oparanews.com.br\/index.php\/wp-json\/wp\/v2\/posts"}],"about":[{"href":"https:\/\/www.oparanews.com.br\/index.php\/wp-json\/wp\/v2\/types\/post"}],"author":[{"embeddable":true,"href":"https:\/\/www.oparanews.com.br\/index.php\/wp-json\/wp\/v2\/users\/1"}],"replies":[{"embeddable":true,"href":"https:\/\/www.oparanews.com.br\/index.php\/wp-json\/wp\/v2\/comments?post=15723"}],"version-history":[{"count":0,"href":"https:\/\/www.oparanews.com.br\/index.php\/wp-json\/wp\/v2\/posts\/15723\/revisions"}],"wp:attachment":[{"href":"https:\/\/www.oparanews.com.br\/index.php\/wp-json\/wp\/v2\/media?parent=15723"}],"wp:term":[{"taxonomy":"category","embeddable":true,"href":"https:\/\/www.oparanews.com.br\/index.php\/wp-json\/wp\/v2\/categories?post=15723"},{"taxonomy":"post_tag","embeddable":true,"href":"https:\/\/www.oparanews.com.br\/index.php\/wp-json\/wp\/v2\/tags?post=15723"}],"curies":[{"name":"wp","href":"https:\/\/api.w.org\/{rel}","templated":true}]}}