{"id":15735,"date":"2021-05-18T14:18:44","date_gmt":"2021-05-18T14:18:44","guid":{"rendered":"https:\/\/oparanews.com.br\/?p=15735"},"modified":"2021-05-18T14:18:44","modified_gmt":"2021-05-18T14:18:44","slug":"vasco-encaminha-venda-de-talles-magno-para-o-new-york-city","status":"publish","type":"post","link":"https:\/\/www.oparanews.com.br\/index.php\/2021\/05\/18\/vasco-encaminha-venda-de-talles-magno-para-o-new-york-city\/","title":{"rendered":"Vasco encaminha venda de Talles Magno para o New York City"},"content":{"rendered":"<p>Talles Magno est\u00e1 de sa\u00edda do Vasco. O Vasco tem negocia\u00e7\u00f5es avan\u00e7adas com o Grupo City para o atacante defender o NY City. O jovem, de 18 anos, j\u00e1 realizou exames m\u00e9dicos no Rio de Janeiro antes de embarcar para os Estados Unidos. Ele j\u00e1 est\u00e1 em Nova York para assinar contrato por cinco temporadas.<\/p>\n<p>Os valores da venda ainda n\u00e3o foram revelados, mas o ge apurou que a negocia\u00e7\u00e3o final, incluindo b\u00f4nus e aditivos, pode chegar a US$ 12 milh\u00f5es (cerca de R$ 63 milh\u00f5es). Isso, \u00e9 claro, se Talles cumprir metas pr\u00e9-estabelecidas em contrato, j\u00e1 que o valor inicial \u00e9 menor do que esse.<\/p>\n<p>O Vasco ficar\u00e1 com um pequeno percentual de Talles Magno. O ge tentou contato com o clube, mas ainda n\u00e3o teve resposta. A not\u00edcia da negocia\u00e7\u00e3o de Talles com o NY City foi publicada primeiramente pelo site Territ\u00f3rio MLS.<\/p>\n<p>Talles Magno estreou no profissional do Vasco no dia 2 de junho de 2019, ent\u00e3o com 16 anos, na derrota para o Botafogo por 1 a 0. No mesmo ano, logo ap\u00f3s a parada para a Copa Am\u00e9rica, tornou-se um dos principais jogadores do time e foi considerado uma das revela\u00e7\u00f5es do Brasileir\u00e3o.<\/p>\n<p>Seu primeiro gol saiu no dia 25 de agosto, quando teve atua\u00e7\u00e3o de gala na vit\u00f3ria sobre o S\u00e3o Paulo por 2 a 0, em S\u00e3o Janu\u00e1rio. Em 13 de outubro, deu uma lambreta incr\u00edvel em Gabriel Dias, do Fortaleza, e provocou a expuls\u00e3o do advers\u00e1rio. Ap\u00f3s a vit\u00f3ria sobre a equipe cearense por 1 a 0, deixou o gramado ovacionado pela torcida antes de se apresentar \u00e0 sele\u00e7\u00e3o sub-17 para o Mundial da categoria.<\/p>\n<p>Principal jogador da sele\u00e7\u00e3o, Talles chegou a fazer dois gols no Mundial, mas machucou a coxa direita nas oitavas de final e n\u00e3o participou da parte final da campanha que acabou com t\u00edtulo brasileiro.<\/p>\n<p>No fim de 2019, Talles renovou seu contrato com o Vasco at\u00e9 o dezembro de 2022. No entanto, a partir do in\u00edcio de 2020, o atacante n\u00e3o conseguiu retomar o alto n\u00edvel de 2019. Al\u00e9m disso, sofreu com les\u00f5es. Em fevereiro do ano passado, fraturou o quinto metatarso do p\u00e9 esquerdo e passou por cirurgia. Tamb\u00e9m em 2020, chegou a contrair Covid-19 duas vezes.<\/p>\n<p>Na atual temporada, disputou apenas quatro partidas antes de torcer o joelho no fim de mar\u00e7o. Seu \u00faltimo gol com a camisa vasca\u00edna foi na vit\u00f3ria sobre o Botafogo por 3 a 0, no dia 10 de janeiro. Ao todo, marcou cinco vezes em 69 jogos pelo clube.<\/p>\n<p>&nbsp;<\/p>\n<p><strong>Fonte: GE<\/strong><\/p>\n<p>&nbsp;<\/p>\n","protected":false},"excerpt":{"rendered":"<p>Talles Magno est\u00e1 de sa\u00edda do Vasco. O Vasco tem negocia\u00e7\u00f5es avan\u00e7adas com o Grupo City para o atacante defender o NY City. O jovem, de 18 anos, j\u00e1 realizou exames m\u00e9dicos no Rio de Janeiro antes de embarcar para os Estados Unidos. Ele j\u00e1 est\u00e1 em Nova York para assinar contrato por cinco temporadas. &hellip;<\/p>\n","protected":false},"author":1,"featured_media":15736,"comment_status":"closed","ping_status":"closed","sticky":false,"template":"","format":"standard","meta":{"_jetpack_newsletter_access":"","_jetpack_dont_email_post_to_subs":false,"_jetpack_newsletter_tier_id":0,"_jetpack_memberships_contains_paywalled_content":false,"_jetpack_memberships_contains_paid_content":false,"footnotes":""},"categories":[1],"tags":[],"class_list":["post-15735","post","type-post","status-publish","format-standard","has-post-thumbnail","hentry","category-destaque"],"jetpack_sharing_enabled":true,"jetpack_featured_media_url":"","_links":{"self":[{"href":"https:\/\/www.oparanews.com.br\/index.php\/wp-json\/wp\/v2\/posts\/15735","targetHints":{"allow":["GET"]}}],"collection":[{"href":"https:\/\/www.oparanews.com.br\/index.php\/wp-json\/wp\/v2\/posts"}],"about":[{"href":"https:\/\/www.oparanews.com.br\/index.php\/wp-json\/wp\/v2\/types\/post"}],"author":[{"embeddable":true,"href":"https:\/\/www.oparanews.com.br\/index.php\/wp-json\/wp\/v2\/users\/1"}],"replies":[{"embeddable":true,"href":"https:\/\/www.oparanews.com.br\/index.php\/wp-json\/wp\/v2\/comments?post=15735"}],"version-history":[{"count":0,"href":"https:\/\/www.oparanews.com.br\/index.php\/wp-json\/wp\/v2\/posts\/15735\/revisions"}],"wp:attachment":[{"href":"https:\/\/www.oparanews.com.br\/index.php\/wp-json\/wp\/v2\/media?parent=15735"}],"wp:term":[{"taxonomy":"category","embeddable":true,"href":"https:\/\/www.oparanews.com.br\/index.php\/wp-json\/wp\/v2\/categories?post=15735"},{"taxonomy":"post_tag","embeddable":true,"href":"https:\/\/www.oparanews.com.br\/index.php\/wp-json\/wp\/v2\/tags?post=15735"}],"curies":[{"name":"wp","href":"https:\/\/api.w.org\/{rel}","templated":true}]}}