{"id":15745,"date":"2021-05-18T14:28:33","date_gmt":"2021-05-18T14:28:33","guid":{"rendered":"https:\/\/oparanews.com.br\/?p=15745"},"modified":"2021-05-18T14:28:33","modified_gmt":"2021-05-18T14:28:33","slug":"araujo-nega-que-politica-do-itamaraty-atrapalhou-pandemia","status":"publish","type":"post","link":"https:\/\/www.oparanews.com.br\/index.php\/2021\/05\/18\/araujo-nega-que-politica-do-itamaraty-atrapalhou-pandemia\/","title":{"rendered":"Ara\u00fajo nega que pol\u00edtica do Itamaraty atrapalhou pandemia"},"content":{"rendered":"<p>O ex-chanceler Ernesto Ara\u00fajo afirmou nesta ter\u00e7a-feira \u00e0 CPI da Covid que a pol\u00edtica do Minist\u00e9rio das Rela\u00e7\u00f5es Exteriores n\u00e3o ofereceu &#8220;percal\u00e7o&#8221; ao governo para que cumprisse suas incumb\u00eancias durante a pandemia do novo coronav\u00edrus, e disse que o Itamaraty atuou em coordena\u00e7\u00e3o com o Minist\u00e9rio da Sa\u00fade.<\/p>\n<p>O ministro negou que tenha recebido alguma orienta\u00e7\u00e3o direta do presidente da Rep\u00fablica, Jair Bolsonaro, para a condu\u00e7\u00e3o da pol\u00edtica externa na pandemia, ou que o governo trabalhasse com um &#8220;plano \u00fanico&#8221;, mas explicou que as diretrizes foram sendo definidas ao longo do tempo.<\/p>\n<p>Ara\u00fajo disse ainda n\u00e3o se recordar de &#8220;diverg\u00eancias&#8221; de opini\u00f5es entre a pasta que chefiava e Bolsonaro a respeito da pandemia.<\/p>\n<p>Sobre a aquisi\u00e7\u00e3o de vacinas, explicou que a estrat\u00e9gia foi definida a partir de avalia\u00e7\u00e3o do Minist\u00e9rio da Sa\u00fade e que abrangia os imunizantes de Oxford\/AstraZeneca e do cons\u00f3rcio Covax. O ex-ministro destacou a China e a \u00cdndia como pa\u00edses que mais t\u00eam cooperado com o Brasil no caso das vacinas.<\/p>\n<p>&nbsp;<\/p>\n<p><strong>Fonte: Reuters<\/strong><\/p>\n<p>&nbsp;<\/p>\n","protected":false},"excerpt":{"rendered":"<p>O ex-chanceler Ernesto Ara\u00fajo afirmou nesta ter\u00e7a-feira \u00e0 CPI da Covid que a pol\u00edtica do Minist\u00e9rio das Rela\u00e7\u00f5es Exteriores n\u00e3o ofereceu &#8220;percal\u00e7o&#8221; ao governo para que cumprisse suas incumb\u00eancias durante a pandemia do novo coronav\u00edrus, e disse que o Itamaraty atuou em coordena\u00e7\u00e3o com o Minist\u00e9rio da Sa\u00fade. O ministro negou que tenha recebido alguma &hellip;<\/p>\n","protected":false},"author":1,"featured_media":15746,"comment_status":"closed","ping_status":"closed","sticky":false,"template":"","format":"standard","meta":{"_jetpack_newsletter_access":"","_jetpack_dont_email_post_to_subs":false,"_jetpack_newsletter_tier_id":0,"_jetpack_memberships_contains_paywalled_content":false,"_jetpack_memberships_contains_paid_content":false,"footnotes":""},"categories":[1],"tags":[],"class_list":["post-15745","post","type-post","status-publish","format-standard","has-post-thumbnail","hentry","category-destaque"],"jetpack_sharing_enabled":true,"jetpack_featured_media_url":"","_links":{"self":[{"href":"https:\/\/www.oparanews.com.br\/index.php\/wp-json\/wp\/v2\/posts\/15745","targetHints":{"allow":["GET"]}}],"collection":[{"href":"https:\/\/www.oparanews.com.br\/index.php\/wp-json\/wp\/v2\/posts"}],"about":[{"href":"https:\/\/www.oparanews.com.br\/index.php\/wp-json\/wp\/v2\/types\/post"}],"author":[{"embeddable":true,"href":"https:\/\/www.oparanews.com.br\/index.php\/wp-json\/wp\/v2\/users\/1"}],"replies":[{"embeddable":true,"href":"https:\/\/www.oparanews.com.br\/index.php\/wp-json\/wp\/v2\/comments?post=15745"}],"version-history":[{"count":0,"href":"https:\/\/www.oparanews.com.br\/index.php\/wp-json\/wp\/v2\/posts\/15745\/revisions"}],"wp:attachment":[{"href":"https:\/\/www.oparanews.com.br\/index.php\/wp-json\/wp\/v2\/media?parent=15745"}],"wp:term":[{"taxonomy":"category","embeddable":true,"href":"https:\/\/www.oparanews.com.br\/index.php\/wp-json\/wp\/v2\/categories?post=15745"},{"taxonomy":"post_tag","embeddable":true,"href":"https:\/\/www.oparanews.com.br\/index.php\/wp-json\/wp\/v2\/tags?post=15745"}],"curies":[{"name":"wp","href":"https:\/\/api.w.org\/{rel}","templated":true}]}}