{"id":15751,"date":"2021-05-18T23:52:03","date_gmt":"2021-05-18T23:52:03","guid":{"rendered":"https:\/\/oparanews.com.br\/?p=15751"},"modified":"2021-05-18T23:52:03","modified_gmt":"2021-05-18T23:52:03","slug":"ronaldo-lopes-assegura-mais-um-avanco-para-o-centro-de-convencoes-de-penedo","status":"publish","type":"post","link":"https:\/\/www.oparanews.com.br\/index.php\/2021\/05\/18\/ronaldo-lopes-assegura-mais-um-avanco-para-o-centro-de-convencoes-de-penedo\/","title":{"rendered":"Ronaldo Lopes assegura mais um avan\u00e7o para o Centro de Conven\u00e7\u00f5es de Penedo"},"content":{"rendered":"<p>O Prefeito Ronaldo Lopes confirmou nesta ter\u00e7a-feira, 18, a viabilidade de instala\u00e7\u00e3o de uma nova subesta\u00e7\u00e3o de energia el\u00e9trica no Centro de Conven\u00e7\u00f5es de Penedo.<\/p>\n<p>O equipamento \u00e9 necess\u00e1rio para atender o alto n\u00edvel do investimento que restaurou o Cine S\u00e3o Francisco para o novo uso, espa\u00e7o que atender\u00e1 a realiza\u00e7\u00e3o de grandes eventos, inclusive do chamado turismo de neg\u00f3cios, uma nova vertente para a gera\u00e7\u00e3o de emprego e renda na cidade de ineg\u00e1vel potencial tur\u00edstico.<\/p>\n<p>\u201cDiscutimos tecnicamente a viabilidade da subesta\u00e7\u00e3o no local onde sempre existiu, dentro do cinema, e isso era o que faltava para completar as obras do Centro de Conven\u00e7\u00f5es\u201d, explica Ronaldo Lopes sobre mais essa conquista para o funcionamento do espa\u00e7o dotado de tudo o que h\u00e1 de mais moderno em sistema de climatiza\u00e7\u00e3o, som e ilumina\u00e7\u00e3o.<\/p>\n<p>\u201cN\u00f3s trouxemos uma equipe t\u00e9cnica que avaliou, em conjunto com o pessoal da prefeitura, e j\u00e1 entendemos que \u00e9 vi\u00e1vel fazer. Acredito que nos pr\u00f3ximos dois meses estaremos finalizando mais esse trabalho\u201d, confirmou Humberto Soares, presidente da Equatorial Energia Alagoas, sobre a subesta\u00e7\u00e3o do Centro de Conven\u00e7\u00f5es de Penedo.<\/p>\n<p>A boa not\u00edcia foi anunciada ap\u00f3s a assinatura do termo de coopera\u00e7\u00e3o entre a Prefeitura de Penedo e a empresa Equatorial Alagoas sobre a tarifa social de energia, benef\u00edcio para fam\u00edlias de baixa renda que propicia desconto nas contas de luz.<\/p>\n<p>Al\u00e9m desse dois pontos \u2013 tarifa social de energia e subesta\u00e7\u00e3o do Centro de Conven\u00e7\u00f5es \u2013 a parceria entre o governo municipal e a distribuidora de energia tamb\u00e9m vai gerar melhorias no servi\u00e7o essencial.<\/p>\n<p>\u201cN\u00f3s estamos fazendo o mapeamento de toda a cidade para identificar os locais com problemas no fornecimento de energia para criar um cronograma de investimentos para atender mais esse compromisso\u201d, informa Humberto Soares sobre a substitui\u00e7\u00e3o de equipamentos, \u201cmudan\u00e7as que ir\u00e3o representar uma melhoria significativa para a qualidade da energia fornecida em Penedo\u201d, acrescenta Ronaldo Lopes.<\/p>\n<p>\u201cComo representante da Equatorial, eu coloquei \u00e0 disposi\u00e7\u00e3o da prefeitura toda a nossa estrutura para fomentar o desenvolvimento do munic\u00edpio. A gente tem feito investimentos importantes na subesta\u00e7\u00e3o Marituba (situada na AL-110, sa\u00edda de Penedo para Igreja Nova) e vamos ampliar a capacidade dela ainda este ano, o que vai trazer benef\u00edcios para a cidade\u201d, afirmou o presidente da empresa em Alagoas.<\/p>\n<p>Humberto Soares frisou outras a\u00e7\u00f5es j\u00e1 realizadas em Penedo, como a amplia\u00e7\u00e3o da rede para comunidade da zona rural e o projeto que substitui l\u00e2mpadas de vapor de merc\u00fario ou s\u00f3dio por l\u00e2mpadas de LED.<\/p>\n<p>O presidente e demais diretores da Equatorial Alagoas foram apresentados a alguns atrativos tur\u00edsticos da cidade, como o Centro de Conven\u00e7\u00f5es\/Cine S\u00e3o Francisco, o convento franciscano e o Chal\u00e9 dos Loureiros.<\/p>\n<p>Ronaldo Lopes agradeceu a parceria que tamb\u00e9m ser\u00e1 estendida ao SAAE. Neste caso, o trabalho da Equatorial \u00e9 direcionado para melhorar a efici\u00eancia energ\u00e9tica da autarquia que fornece \u00e1gua para toda a popula\u00e7\u00e3o de Penedo, sendo o maior custo para manuten\u00e7\u00e3o do servi\u00e7o justamente o consumo de energia el\u00e9trica.<\/p>\n<p>&nbsp;<\/p>\n<p><strong>por Fernando Vin\u00edcius \u2013 Decom PMP<\/strong><\/p>\n<p>&nbsp;<\/p>\n","protected":false},"excerpt":{"rendered":"<p>O Prefeito Ronaldo Lopes confirmou nesta ter\u00e7a-feira, 18, a viabilidade de instala\u00e7\u00e3o de uma nova subesta\u00e7\u00e3o de energia el\u00e9trica no Centro de Conven\u00e7\u00f5es de Penedo. O equipamento \u00e9 necess\u00e1rio para atender o alto n\u00edvel do investimento que restaurou o Cine S\u00e3o Francisco para o novo uso, espa\u00e7o que atender\u00e1 a realiza\u00e7\u00e3o de grandes eventos, inclusive &hellip;<\/p>\n","protected":false},"author":1,"featured_media":15752,"comment_status":"closed","ping_status":"closed","sticky":false,"template":"","format":"standard","meta":{"_jetpack_newsletter_access":"","_jetpack_dont_email_post_to_subs":false,"_jetpack_newsletter_tier_id":0,"_jetpack_memberships_contains_paywalled_content":false,"_jetpack_memberships_contains_paid_content":false,"footnotes":""},"categories":[1],"tags":[],"class_list":["post-15751","post","type-post","status-publish","format-standard","has-post-thumbnail","hentry","category-destaque"],"jetpack_sharing_enabled":true,"jetpack_featured_media_url":"","_links":{"self":[{"href":"https:\/\/www.oparanews.com.br\/index.php\/wp-json\/wp\/v2\/posts\/15751","targetHints":{"allow":["GET"]}}],"collection":[{"href":"https:\/\/www.oparanews.com.br\/index.php\/wp-json\/wp\/v2\/posts"}],"about":[{"href":"https:\/\/www.oparanews.com.br\/index.php\/wp-json\/wp\/v2\/types\/post"}],"author":[{"embeddable":true,"href":"https:\/\/www.oparanews.com.br\/index.php\/wp-json\/wp\/v2\/users\/1"}],"replies":[{"embeddable":true,"href":"https:\/\/www.oparanews.com.br\/index.php\/wp-json\/wp\/v2\/comments?post=15751"}],"version-history":[{"count":0,"href":"https:\/\/www.oparanews.com.br\/index.php\/wp-json\/wp\/v2\/posts\/15751\/revisions"}],"wp:attachment":[{"href":"https:\/\/www.oparanews.com.br\/index.php\/wp-json\/wp\/v2\/media?parent=15751"}],"wp:term":[{"taxonomy":"category","embeddable":true,"href":"https:\/\/www.oparanews.com.br\/index.php\/wp-json\/wp\/v2\/categories?post=15751"},{"taxonomy":"post_tag","embeddable":true,"href":"https:\/\/www.oparanews.com.br\/index.php\/wp-json\/wp\/v2\/tags?post=15751"}],"curies":[{"name":"wp","href":"https:\/\/api.w.org\/{rel}","templated":true}]}}