{"id":15754,"date":"2021-05-19T12:19:56","date_gmt":"2021-05-19T12:19:56","guid":{"rendered":"https:\/\/oparanews.com.br\/?p=15754"},"modified":"2021-05-19T12:19:56","modified_gmt":"2021-05-19T12:19:56","slug":"stf-quebra-sigilos-de-ricardo-salles-e-afasta-presidente-do-ibama","status":"publish","type":"post","link":"https:\/\/www.oparanews.com.br\/index.php\/2021\/05\/19\/stf-quebra-sigilos-de-ricardo-salles-e-afasta-presidente-do-ibama\/","title":{"rendered":"STF quebra sigilos de Ricardo Salles e afasta presidente do Ibama"},"content":{"rendered":"<p>O ministro do Meio Ambiente, Ricardo Salles, e o presidente do Instituto Brasileiro do Meio Ambiente e dos Recursos Naturais Renov\u00e1veis (Ibama), Eduardo Bim, s\u00e3o alvos de uma opera\u00e7\u00e3o, nesta quarta-feira (19), que investiga a exporta\u00e7\u00e3o ilegal de madeira para Estados Unidos e Europa.<\/p>\n<p>A opera\u00e7\u00e3o foi autorizada pelo ministro do Supremo Tribunal Federal (STF) Alexandre de Moraes, que tamb\u00e9m determinou a quebra dos sigilos banc\u00e1rio e fiscal de Salles, o afastamento preventivo de Bim do comando do Ibama e o de outros nove agentes p\u00fablicos que ocupavam cargos e fun\u00e7\u00f5es de confian\u00e7a nos \u00f3rg\u00e3os.<\/p>\n<p><strong>Veja quem s\u00e3o os servidores afastados do Ibama e do Minist\u00e9rio do Meio Ambiente:<\/strong><\/p>\n<p>Eduardo Bim<br \/>\nLeopoldo Penteado<br \/>\nVagner Tadeu Matiota<br \/>\nOlimpio Ferreira Magalh\u00e3es<br \/>\nJo\u00e3o Pessoa Riograndense Moreira jr<br \/>\nRafael Freire de Macedo<br \/>\nLeslie Nelson Jardim Tavares<br \/>\nAndre Heleno Azevedo Silveira<br \/>\nArthur Valinoto Bastos, analista<br \/>\nOlivaldi Alves Azevedo Borges<\/p>\n<p>Na opera\u00e7\u00e3o, Alexandre de Moraes determinou ainda a suspens\u00e3o imediata da aplica\u00e7\u00e3o de um despacho emitido em fevereiro de 2020, que permitiu a exporta\u00e7\u00e3o de produtos florestais sem a necessidade de emiss\u00e3o de autoriza\u00e7\u00f5es de exporta\u00e7\u00e3o.<\/p>\n<p>&#8220;Estima-se que o referido despacho, elaborado a pedido de empresas que tiveram cargas n\u00e3o licenciadas apreendidas nos EUA e Europa, resultou na regulariza\u00e7\u00e3o de mais de 8 mil cargas de madeira exportadas ilegalmente entre os anos de 2019 e 2020&#8221;, informou a PF.<\/p>\n<p>Ao todo, 160 policiais federais cumprem 35 mandados no Distrito Federal, no Par\u00e1 e em S\u00e3o Paulo, incluindo endere\u00e7os residenciais do ministro Salles em S\u00e3o Paulo, no im\u00f3vel funcional em Bras\u00edlia e no gabinete da pasta de Meio Ambiente no Par\u00e1.<\/p>\n<p>&nbsp;<\/p>\n<p><strong>Fonte: G1<\/strong><\/p>\n<p>&nbsp;<\/p>\n","protected":false},"excerpt":{"rendered":"<p>O ministro do Meio Ambiente, Ricardo Salles, e o presidente do Instituto Brasileiro do Meio Ambiente e dos Recursos Naturais Renov\u00e1veis (Ibama), Eduardo Bim, s\u00e3o alvos de uma opera\u00e7\u00e3o, nesta quarta-feira (19), que investiga a exporta\u00e7\u00e3o ilegal de madeira para Estados Unidos e Europa. A opera\u00e7\u00e3o foi autorizada pelo ministro do Supremo Tribunal Federal (STF) &hellip;<\/p>\n","protected":false},"author":1,"featured_media":15755,"comment_status":"closed","ping_status":"closed","sticky":false,"template":"","format":"standard","meta":{"_jetpack_newsletter_access":"","_jetpack_dont_email_post_to_subs":false,"_jetpack_newsletter_tier_id":0,"_jetpack_memberships_contains_paywalled_content":false,"_jetpack_memberships_contains_paid_content":false,"footnotes":""},"categories":[1],"tags":[],"class_list":["post-15754","post","type-post","status-publish","format-standard","has-post-thumbnail","hentry","category-destaque"],"jetpack_sharing_enabled":true,"jetpack_featured_media_url":"","_links":{"self":[{"href":"https:\/\/www.oparanews.com.br\/index.php\/wp-json\/wp\/v2\/posts\/15754","targetHints":{"allow":["GET"]}}],"collection":[{"href":"https:\/\/www.oparanews.com.br\/index.php\/wp-json\/wp\/v2\/posts"}],"about":[{"href":"https:\/\/www.oparanews.com.br\/index.php\/wp-json\/wp\/v2\/types\/post"}],"author":[{"embeddable":true,"href":"https:\/\/www.oparanews.com.br\/index.php\/wp-json\/wp\/v2\/users\/1"}],"replies":[{"embeddable":true,"href":"https:\/\/www.oparanews.com.br\/index.php\/wp-json\/wp\/v2\/comments?post=15754"}],"version-history":[{"count":0,"href":"https:\/\/www.oparanews.com.br\/index.php\/wp-json\/wp\/v2\/posts\/15754\/revisions"}],"wp:attachment":[{"href":"https:\/\/www.oparanews.com.br\/index.php\/wp-json\/wp\/v2\/media?parent=15754"}],"wp:term":[{"taxonomy":"category","embeddable":true,"href":"https:\/\/www.oparanews.com.br\/index.php\/wp-json\/wp\/v2\/categories?post=15754"},{"taxonomy":"post_tag","embeddable":true,"href":"https:\/\/www.oparanews.com.br\/index.php\/wp-json\/wp\/v2\/tags?post=15754"}],"curies":[{"name":"wp","href":"https:\/\/api.w.org\/{rel}","templated":true}]}}