{"id":15757,"date":"2021-05-19T12:27:36","date_gmt":"2021-05-19T12:27:36","guid":{"rendered":"https:\/\/oparanews.com.br\/?p=15757"},"modified":"2021-05-19T12:27:36","modified_gmt":"2021-05-19T12:27:36","slug":"homem-se-recusa-a-ser-vacinado-por-enfermeira-negra","status":"publish","type":"post","link":"https:\/\/www.oparanews.com.br\/index.php\/2021\/05\/19\/homem-se-recusa-a-ser-vacinado-por-enfermeira-negra\/","title":{"rendered":"Homem se recusa a ser vacinado por enfermeira negra"},"content":{"rendered":"<p>Uma enfermeira volunt\u00e1ria denunciou um homem que se recusou a ser vacinado contra a Covid-19 por ela ser negra, em Ilh\u00e9us, na Bahia, na \u00faltima segunda-feira (17). A estudante de enfermagem Tha\u00eds Carvalho ajuda, de forma volunt\u00e1ria, a vacinar pessoas no bairro Jardim Savoia. As informa\u00e7\u00f5es s\u00e3o do telejornal BATV.<\/p>\n<p>\u201cO senhor, que estava acompanhado da filha dele, e ela pediu para que a gente fosse vacin\u00e1-lo no carro. Eu falei assim: \u2018O senhor quer que eu te vacine logo? O senhor \u00e9 o pr\u00f3ximo\u2019. Ele falou que n\u00e3o. A\u00ed eu perguntei: \u2018O senhor j\u00e1 fez a ficha?\u2019 Ele: \u2018Meu filho est\u00e1 fazendo a ficha, mas voc\u00ea n\u00e3o\u2019. A\u00ed eu abaixei na dire\u00e7\u00e3o dele e perguntei o motivo. A\u00ed ele virou para mim e disse: \u2018Porque voc\u00ea \u00e9 negra&#8217;\u201d, disse a enfermeira ao BATV.<\/p>\n<p>A enfermeira n\u00e3o conseguiu identificar o paciente, mas mesmo assim decidiu registrar um boletim de ocorr\u00eancia sobre o caso, na tentativa de que ele seja identificado pela pol\u00edcia.<\/p>\n<p>&nbsp;<\/p>\n<p><strong>Fonte: ISTO\u00c9<\/strong><\/p>\n<p>&nbsp;<\/p>\n","protected":false},"excerpt":{"rendered":"<p>Uma enfermeira volunt\u00e1ria denunciou um homem que se recusou a ser vacinado contra a Covid-19 por ela ser negra, em Ilh\u00e9us, na Bahia, na \u00faltima segunda-feira (17). A estudante de enfermagem Tha\u00eds Carvalho ajuda, de forma volunt\u00e1ria, a vacinar pessoas no bairro Jardim Savoia. As informa\u00e7\u00f5es s\u00e3o do telejornal BATV. \u201cO senhor, que estava acompanhado &hellip;<\/p>\n","protected":false},"author":1,"featured_media":15758,"comment_status":"closed","ping_status":"closed","sticky":false,"template":"","format":"standard","meta":{"_jetpack_newsletter_access":"","_jetpack_dont_email_post_to_subs":false,"_jetpack_newsletter_tier_id":0,"_jetpack_memberships_contains_paywalled_content":false,"_jetpack_memberships_contains_paid_content":false,"footnotes":""},"categories":[1],"tags":[],"class_list":["post-15757","post","type-post","status-publish","format-standard","has-post-thumbnail","hentry","category-destaque"],"jetpack_sharing_enabled":true,"jetpack_featured_media_url":"","_links":{"self":[{"href":"https:\/\/www.oparanews.com.br\/index.php\/wp-json\/wp\/v2\/posts\/15757","targetHints":{"allow":["GET"]}}],"collection":[{"href":"https:\/\/www.oparanews.com.br\/index.php\/wp-json\/wp\/v2\/posts"}],"about":[{"href":"https:\/\/www.oparanews.com.br\/index.php\/wp-json\/wp\/v2\/types\/post"}],"author":[{"embeddable":true,"href":"https:\/\/www.oparanews.com.br\/index.php\/wp-json\/wp\/v2\/users\/1"}],"replies":[{"embeddable":true,"href":"https:\/\/www.oparanews.com.br\/index.php\/wp-json\/wp\/v2\/comments?post=15757"}],"version-history":[{"count":0,"href":"https:\/\/www.oparanews.com.br\/index.php\/wp-json\/wp\/v2\/posts\/15757\/revisions"}],"wp:attachment":[{"href":"https:\/\/www.oparanews.com.br\/index.php\/wp-json\/wp\/v2\/media?parent=15757"}],"wp:term":[{"taxonomy":"category","embeddable":true,"href":"https:\/\/www.oparanews.com.br\/index.php\/wp-json\/wp\/v2\/categories?post=15757"},{"taxonomy":"post_tag","embeddable":true,"href":"https:\/\/www.oparanews.com.br\/index.php\/wp-json\/wp\/v2\/tags?post=15757"}],"curies":[{"name":"wp","href":"https:\/\/api.w.org\/{rel}","templated":true}]}}