{"id":15769,"date":"2021-05-19T19:19:21","date_gmt":"2021-05-19T19:19:21","guid":{"rendered":"https:\/\/oparanews.com.br\/?p=15769"},"modified":"2021-05-19T19:19:21","modified_gmt":"2021-05-19T19:19:21","slug":"pais-e-estudantes-da-escola-wilton-lucena-recebem-kits-da-merenda-escolar","status":"publish","type":"post","link":"https:\/\/www.oparanews.com.br\/index.php\/2021\/05\/19\/pais-e-estudantes-da-escola-wilton-lucena-recebem-kits-da-merenda-escolar\/","title":{"rendered":"Pais e estudantes da Escola Wilton Lucena recebem kits da merenda escolar"},"content":{"rendered":"<p>Pais ou respons\u00e1veis por alunos e alunas da Escola Municipal de Educa\u00e7\u00e3o B\u00e1sica Professor Wilton Lisboa Lucena recebem nesta quarta-feira, 19, kits da merenda escolar distribu\u00eddos pela Prefeitura de Penedo.<\/p>\n<p>A entrega dos alimentos adquiridos dos produtores rurais na mais nova unidade de ensino da Secretaria Municipal de Educa\u00e7\u00e3o (Semed) tem in\u00edcio na tarde de hoje, para as turmas do Jardim I e II, a primeira das 13h30 \u00e0s 15 horas e a segunda das 15h \u00e0s 16h30.<\/p>\n<p>O repasse dos itens que seriam consumidos na escola \u00e9 retomado amanh\u00e3, a partir das 8h30, para a fam\u00edlia das crian\u00e7as do 1\u00ba ano da EMEB Prof. Wilton Lucena, at\u00e9 as 10 horas.<\/p>\n<p>Em seguida, a Semed Penedo repassa para fam\u00edlia de meninos e meninas do 2\u00ba e do 3\u00ba ano da Escola Wilton Lucena, p\u00fablico a ser atendido at\u00e9 as 11h30.<\/p>\n<p>O trabalho que leva comida de qualidade para a mesa de fam\u00edlias de baixa renda volta no per\u00edodo da tarde desta quinta-feira, 20, para estudantes do 4\u00ba ao 6\u00ba ano no hor\u00e1rio entre 13h30 e 16h30.<\/p>\n<p>A distribui\u00e7\u00e3o da merenda escolar na Escola Wilton Lucena ser\u00e1 conclu\u00edda na sexta-feira, 21, quando pais ou respons\u00e1veis dos estudantes do 7\u00ba ao 9\u00ba ano recebem os kits.<\/p>\n<p>A Semed Penedo alerta aos pais ou respons\u00e1veis para que observem o hor\u00e1rio\/data de receber os alimentos e que o uso de m\u00e1scara protetora contra Covid-19 \u00e9 obrigat\u00f3rio.<\/p>\n<p>&nbsp;<\/p>\n<p><strong>Fonte: Decom &#8211; PMP<\/strong><\/p>\n<p><a href=\"https:\/\/oparanews.com.br\/wp-content\/uploads\/2021\/05\/merenda-escolar-escola-wilton-lucena.jpeg\"><img loading=\"lazy\" decoding=\"async\" class=\"alignleft size-medium wp-image-15771\" src=\"https:\/\/oparanews.com.br\/wp-content\/uploads\/2021\/05\/merenda-escolar-escola-wilton-lucena-300x300.jpeg\" alt=\"\" width=\"300\" height=\"300\" \/><\/a><\/p>\n<p>&nbsp;<\/p>\n<p>&nbsp;<\/p>\n<p>&nbsp;<\/p>\n","protected":false},"excerpt":{"rendered":"<p>Pais ou respons\u00e1veis por alunos e alunas da Escola Municipal de Educa\u00e7\u00e3o B\u00e1sica Professor Wilton Lisboa Lucena recebem nesta quarta-feira, 19, kits da merenda escolar distribu\u00eddos pela Prefeitura de Penedo. A entrega dos alimentos adquiridos dos produtores rurais na mais nova unidade de ensino da Secretaria Municipal de Educa\u00e7\u00e3o (Semed) tem in\u00edcio na tarde de &hellip;<\/p>\n","protected":false},"author":1,"featured_media":15770,"comment_status":"closed","ping_status":"closed","sticky":false,"template":"","format":"standard","meta":{"_jetpack_newsletter_access":"","_jetpack_dont_email_post_to_subs":false,"_jetpack_newsletter_tier_id":0,"_jetpack_memberships_contains_paywalled_content":false,"_jetpack_memberships_contains_paid_content":false,"footnotes":""},"categories":[1],"tags":[],"class_list":["post-15769","post","type-post","status-publish","format-standard","has-post-thumbnail","hentry","category-destaque"],"jetpack_sharing_enabled":true,"jetpack_featured_media_url":"","_links":{"self":[{"href":"https:\/\/www.oparanews.com.br\/index.php\/wp-json\/wp\/v2\/posts\/15769","targetHints":{"allow":["GET"]}}],"collection":[{"href":"https:\/\/www.oparanews.com.br\/index.php\/wp-json\/wp\/v2\/posts"}],"about":[{"href":"https:\/\/www.oparanews.com.br\/index.php\/wp-json\/wp\/v2\/types\/post"}],"author":[{"embeddable":true,"href":"https:\/\/www.oparanews.com.br\/index.php\/wp-json\/wp\/v2\/users\/1"}],"replies":[{"embeddable":true,"href":"https:\/\/www.oparanews.com.br\/index.php\/wp-json\/wp\/v2\/comments?post=15769"}],"version-history":[{"count":0,"href":"https:\/\/www.oparanews.com.br\/index.php\/wp-json\/wp\/v2\/posts\/15769\/revisions"}],"wp:attachment":[{"href":"https:\/\/www.oparanews.com.br\/index.php\/wp-json\/wp\/v2\/media?parent=15769"}],"wp:term":[{"taxonomy":"category","embeddable":true,"href":"https:\/\/www.oparanews.com.br\/index.php\/wp-json\/wp\/v2\/categories?post=15769"},{"taxonomy":"post_tag","embeddable":true,"href":"https:\/\/www.oparanews.com.br\/index.php\/wp-json\/wp\/v2\/tags?post=15769"}],"curies":[{"name":"wp","href":"https:\/\/api.w.org\/{rel}","templated":true}]}}