{"id":15776,"date":"2021-05-19T19:25:29","date_gmt":"2021-05-19T19:25:29","guid":{"rendered":"https:\/\/oparanews.com.br\/?p=15776"},"modified":"2021-05-19T19:25:29","modified_gmt":"2021-05-19T19:25:29","slug":"semdsh-penedo-encaminha-moradores-de-rua-para-centro-de-acolhimento","status":"publish","type":"post","link":"https:\/\/www.oparanews.com.br\/index.php\/2021\/05\/19\/semdsh-penedo-encaminha-moradores-de-rua-para-centro-de-acolhimento\/","title":{"rendered":"Semdsh Penedo encaminha moradores de rua para centro de acolhimento"},"content":{"rendered":"<p>A Secretaria Municipal de Desenvolvimento Social e Habita\u00e7\u00e3o (SEMDSH) da Prefeitura de Penedo trabalha no acolhimento de pessoas em situa\u00e7\u00e3o de rua, a\u00e7\u00e3o que ocorre desde aneiro, quando teve in\u00edcio a gest\u00e3o Crescendo Com Seu Povo.<\/p>\n<p>Na \u00faltima busca ativa realizada pela equipe t\u00e9cnica da SEMDSH, que percorreu diversas localidades de Penedo, foram acolhidas cinco pessoas em situa\u00e7\u00e3o de rua.<\/p>\n<p>Elas foram encaminhadas para o Centro POP, na cidade de Aracaju (SE), que trabalha com o acolhimento desse p\u00fablico.<\/p>\n<p>A a\u00e7\u00e3o tamb\u00e9m contou com a parceria da Secretaria Municipal de Sa\u00fade que forneceu testes r\u00e1pidos para diagn\u00f3stico de Covid-19, exames cujo resultado deram negativo.<\/p>\n<p>De acordo com o Secret\u00e1rio de Desenvolvimento Social e Habita\u00e7\u00e3o, Rafael Ferreira, a secretaria tem feito continuamente buscas no centro da cidade e alguns bairros, identificando as pessoas em situa\u00e7\u00e3o de rua e convidando para o acolhimento.<\/p>\n<p>Os moradores de rua que aceitam a assist\u00eancia s\u00e3o encaminhados para casa de abrigo.<\/p>\n<p>\u201cAntes de mandarmos esses jovens, por meio da Secretaria de Sa\u00fade proporcionamos o teste para a Covid-19. Tendo dado negativo, enviamos eles para a cidade de Aracaju. Al\u00e9m disso disponibilizamos o jantar e o transporte at\u00e9 a cidade destino, para o melhor acomodamento deles\u201d, explicou o Secret\u00e1rio Rafael Ferreira.<\/p>\n<p>&nbsp;<\/p>\n<p><strong>por Thiago Sobral &#8211; Decom\/PMP<\/strong><\/p>\n<p>&nbsp;<\/p>\n","protected":false},"excerpt":{"rendered":"<p>A Secretaria Municipal de Desenvolvimento Social e Habita\u00e7\u00e3o (SEMDSH) da Prefeitura de Penedo trabalha no acolhimento de pessoas em situa\u00e7\u00e3o de rua, a\u00e7\u00e3o que ocorre desde aneiro, quando teve in\u00edcio a gest\u00e3o Crescendo Com Seu Povo. Na \u00faltima busca ativa realizada pela equipe t\u00e9cnica da SEMDSH, que percorreu diversas localidades de Penedo, foram acolhidas cinco &hellip;<\/p>\n","protected":false},"author":1,"featured_media":15777,"comment_status":"closed","ping_status":"closed","sticky":false,"template":"","format":"standard","meta":{"_jetpack_newsletter_access":"","_jetpack_dont_email_post_to_subs":false,"_jetpack_newsletter_tier_id":0,"_jetpack_memberships_contains_paywalled_content":false,"_jetpack_memberships_contains_paid_content":false,"footnotes":""},"categories":[1],"tags":[],"class_list":["post-15776","post","type-post","status-publish","format-standard","has-post-thumbnail","hentry","category-destaque"],"jetpack_sharing_enabled":true,"jetpack_featured_media_url":"","_links":{"self":[{"href":"https:\/\/www.oparanews.com.br\/index.php\/wp-json\/wp\/v2\/posts\/15776","targetHints":{"allow":["GET"]}}],"collection":[{"href":"https:\/\/www.oparanews.com.br\/index.php\/wp-json\/wp\/v2\/posts"}],"about":[{"href":"https:\/\/www.oparanews.com.br\/index.php\/wp-json\/wp\/v2\/types\/post"}],"author":[{"embeddable":true,"href":"https:\/\/www.oparanews.com.br\/index.php\/wp-json\/wp\/v2\/users\/1"}],"replies":[{"embeddable":true,"href":"https:\/\/www.oparanews.com.br\/index.php\/wp-json\/wp\/v2\/comments?post=15776"}],"version-history":[{"count":0,"href":"https:\/\/www.oparanews.com.br\/index.php\/wp-json\/wp\/v2\/posts\/15776\/revisions"}],"wp:attachment":[{"href":"https:\/\/www.oparanews.com.br\/index.php\/wp-json\/wp\/v2\/media?parent=15776"}],"wp:term":[{"taxonomy":"category","embeddable":true,"href":"https:\/\/www.oparanews.com.br\/index.php\/wp-json\/wp\/v2\/categories?post=15776"},{"taxonomy":"post_tag","embeddable":true,"href":"https:\/\/www.oparanews.com.br\/index.php\/wp-json\/wp\/v2\/tags?post=15776"}],"curies":[{"name":"wp","href":"https:\/\/api.w.org\/{rel}","templated":true}]}}