{"id":15779,"date":"2021-05-20T00:24:42","date_gmt":"2021-05-20T00:24:42","guid":{"rendered":"https:\/\/oparanews.com.br\/?p=15779"},"modified":"2021-05-20T00:24:42","modified_gmt":"2021-05-20T00:24:42","slug":"combate-ao-coronavirus-suspende-venda-de-fogos-de-artificio-em-penedo","status":"publish","type":"post","link":"https:\/\/www.oparanews.com.br\/index.php\/2021\/05\/20\/combate-ao-coronavirus-suspende-venda-de-fogos-de-artificio-em-penedo\/","title":{"rendered":"Combate ao coronav\u00edrus suspende venda de fogos de artif\u00edcio em Penedo"},"content":{"rendered":"<p>A fuma\u00e7a produzida por fogueiras e fogos de artif\u00edcio pioram a sa\u00fade de pessoas com problemas respirat\u00f3rios.<\/p>\n<p>A falta de ar \u00e9 ainda um dos piores sintomas da infec\u00e7\u00e3o gerada pelo coronav\u00edrus, causador da Covid-19, doen\u00e7a respons\u00e1vel por aproximadamente 439 mil mortes no Brasil.<\/p>\n<p>Para evitar o agravamento da pandemia em Penedo, o governo municipal decretou a proibi\u00e7\u00e3o da venda e a queima de fogos de artif\u00edcio em locais p\u00fablicos e privados, assim como acender fogueiras durante o per\u00edodo junino.<\/p>\n<p>A medida excepcional de enfrentamento ao coronav\u00edrus est\u00e1 prevista no Decreto Municipal n\u00ba 735\/2021 e tem validade at\u00e9 31 de junho.<\/p>\n<p>Com isso, os \u00f3rg\u00e3os licenciadores do munic\u00edpio ficam impedidos de conceder novas autoriza\u00e7\u00f5es para funcionamento das barracas de fogos de artif\u00edcio. Os alvar\u00e1s para esses tipos de estabelecimentos tamb\u00e9m est\u00e3o suspensos.<\/p>\n<p>O ato ressalta que, apesar dos costumes relacionados com a cultura nordestina, a situa\u00e7\u00e3o de emerg\u00eancia sanit\u00e1ria decorrente da pandemia do Covid-19 exige a ado\u00e7\u00e3o da medida.<\/p>\n<p>A possibilidade de intoxica\u00e7\u00e3o pela inala\u00e7\u00e3o da fuma\u00e7a e acidentes causados pelo fogo geram a necessidade de socorro m\u00e9dico e, em muitos casos, interna\u00e7\u00e3o nas unidades de sa\u00fade superlotadas por conta do coronav\u00edrus.<\/p>\n<p>Os estudos sobre a dissemina\u00e7\u00e3o da doen\u00e7a mostram que os ambientes hospitalares t\u00eam alto risco de contamina\u00e7\u00e3o por Covid, prova cient\u00edfica que fundamenta a vacina\u00e7\u00e3o priorit\u00e1ria nos trabalhadores da \u00e1rea de sa\u00fade.<\/p>\n<p><strong>CONFIRA O DECRETO NO LINK ABAIXO<\/strong><\/p>\n<p><a href=\"https:\/\/penedo.al.gov.br\/wp-content\/uploads\/2021\/05\/Decreto-Municipal-735-Prefeitura-de-Penedo.pdf\"><strong>Decreto Municipal 735 \u2013 Prefeitura de Penedo<\/strong><\/a><\/p>\n<p>&nbsp;<\/p>\n<p><strong>Fonte: Decom &#8211; PMP<\/strong><\/p>\n<p>&nbsp;<\/p>\n","protected":false},"excerpt":{"rendered":"<p>A fuma\u00e7a produzida por fogueiras e fogos de artif\u00edcio pioram a sa\u00fade de pessoas com problemas respirat\u00f3rios. A falta de ar \u00e9 ainda um dos piores sintomas da infec\u00e7\u00e3o gerada pelo coronav\u00edrus, causador da Covid-19, doen\u00e7a respons\u00e1vel por aproximadamente 439 mil mortes no Brasil. Para evitar o agravamento da pandemia em Penedo, o governo municipal &hellip;<\/p>\n","protected":false},"author":1,"featured_media":15780,"comment_status":"closed","ping_status":"closed","sticky":false,"template":"","format":"standard","meta":{"_jetpack_newsletter_access":"","_jetpack_dont_email_post_to_subs":false,"_jetpack_newsletter_tier_id":0,"_jetpack_memberships_contains_paywalled_content":false,"_jetpack_memberships_contains_paid_content":false,"footnotes":""},"categories":[1],"tags":[],"class_list":["post-15779","post","type-post","status-publish","format-standard","has-post-thumbnail","hentry","category-destaque"],"jetpack_sharing_enabled":true,"jetpack_featured_media_url":"","_links":{"self":[{"href":"https:\/\/www.oparanews.com.br\/index.php\/wp-json\/wp\/v2\/posts\/15779","targetHints":{"allow":["GET"]}}],"collection":[{"href":"https:\/\/www.oparanews.com.br\/index.php\/wp-json\/wp\/v2\/posts"}],"about":[{"href":"https:\/\/www.oparanews.com.br\/index.php\/wp-json\/wp\/v2\/types\/post"}],"author":[{"embeddable":true,"href":"https:\/\/www.oparanews.com.br\/index.php\/wp-json\/wp\/v2\/users\/1"}],"replies":[{"embeddable":true,"href":"https:\/\/www.oparanews.com.br\/index.php\/wp-json\/wp\/v2\/comments?post=15779"}],"version-history":[{"count":0,"href":"https:\/\/www.oparanews.com.br\/index.php\/wp-json\/wp\/v2\/posts\/15779\/revisions"}],"wp:attachment":[{"href":"https:\/\/www.oparanews.com.br\/index.php\/wp-json\/wp\/v2\/media?parent=15779"}],"wp:term":[{"taxonomy":"category","embeddable":true,"href":"https:\/\/www.oparanews.com.br\/index.php\/wp-json\/wp\/v2\/categories?post=15779"},{"taxonomy":"post_tag","embeddable":true,"href":"https:\/\/www.oparanews.com.br\/index.php\/wp-json\/wp\/v2\/tags?post=15779"}],"curies":[{"name":"wp","href":"https:\/\/api.w.org\/{rel}","templated":true}]}}