{"id":15788,"date":"2021-05-20T11:39:47","date_gmt":"2021-05-20T11:39:47","guid":{"rendered":"https:\/\/oparanews.com.br\/?p=15788"},"modified":"2021-05-20T11:39:47","modified_gmt":"2021-05-20T11:39:47","slug":"inss-vai-pagar-r-25-bi-com-antecipacao-da-primeira-parcela-do-13o-salario","status":"publish","type":"post","link":"https:\/\/www.oparanews.com.br\/index.php\/2021\/05\/20\/inss-vai-pagar-r-25-bi-com-antecipacao-da-primeira-parcela-do-13o-salario\/","title":{"rendered":"INSS vai pagar R$ 25 bi com antecipa\u00e7\u00e3o da primeira parcela do 13\u00ba sal\u00e1rio"},"content":{"rendered":"<p>A primeira parcela do 13\u00ba sal\u00e1rio para aposentados, pensionistas e benefici\u00e1rios de aux\u00edlios previdenci\u00e1rios e acident\u00e1rios colocar\u00e1 em circula\u00e7\u00e3o na economia R$ 25,3 bilh\u00f5es entre os dias 25 de maio e 8 de junho, quando 31 milh\u00f5es de segurados ter\u00e3o direito ao pagamento antecipado da primeira parte da gratifica\u00e7\u00e3o, informou o INSS (Instituto Nacional do Seguro Social) nesta quarta-feira (19).<\/p>\n<p>Se considerados os 36 milh\u00f5es de benef\u00edcios a serem creditados na compet\u00eancia de maio, inclusive os assistenciais (que n\u00e3o t\u00eam direito a 13\u00ba sal\u00e1rio) e tamb\u00e9m a primeira parcela da gratifica\u00e7\u00e3o, o INSS injetar\u00e1 R$ 76,3 bilh\u00f5es na economia at\u00e9 o in\u00edcio do pr\u00f3ximo m\u00eas.<\/p>\n<p>O abono ser\u00e1 creditado nas mesmas datas em que os segurados receber\u00e3o tamb\u00e9m o benef\u00edcio de maio, conforme o calend\u00e1rio regular de pagamentos do \u00f3rg\u00e3o.<\/p>\n<p>J\u00e1 a segunda parcela ser\u00e1 antecipada para a folha de junho, a ser depositada entre os dias 24 de junho e 7 de julho. A ordem dos cr\u00e9ditos \u00e9 estabelecida conforme o n\u00famero final do benef\u00edcio, sem o d\u00edgito.<\/p>\n<p>A antecipa\u00e7\u00e3o dos pagamentos para o primeiro semestre \u00e9 uma das medidas adotadas pelo governo para reduzir o impacto da crise econ\u00f4mica agravada no pa\u00eds pela pandemia de Covid-19.<\/p>\n<p>Para benefici\u00e1rios que est\u00e3o na faixa de renda de tributa\u00e7\u00e3o do Imposto de Renda, o desconto ser\u00e1 aplicado apenas na segunda parcela.<\/p>\n<p>Na hip\u00f3tese de cessa\u00e7\u00e3o programada do benef\u00edcio, prevista para antes de 31 de dezembro de 2021, ser\u00e1 pago o valor proporcional do abono anual ao benefici\u00e1rio.<\/p>\n<p>O portal de servi\u00e7os Meu INSS j\u00e1 informa aos cidad\u00e3os que possuem senha de acesso quanto ser\u00e1 creditado na folha de maio. A reportagem simulou os valores das duas parcelas.<\/p>\n<p>Por lei, o 13\u00ba do INSS \u00e9 devido a quem, durante o ano, recebeu benef\u00edcio previdenci\u00e1rio de aposentadoria, pens\u00e3o por morte, aux\u00edlio-doen\u00e7a, aux\u00edlio-acidente ou aux\u00edlio-reclus\u00e3o.<\/p>\n<p>Aqueles que recebem benef\u00edcios assistenciais BPC\/Loas (Benef\u00edcio de Presta\u00e7\u00e3o Continuada da Lei Org\u00e2nica da Assist\u00eancia Social) e RMV (Renda Mensal Vital\u00edcia) n\u00e3o t\u00eam direito ao abono anual.<\/p>\n<p>&nbsp;<\/p>\n<p><strong>Fonte: Folhapress<\/strong><\/p>\n<p>&nbsp;<\/p>\n","protected":false},"excerpt":{"rendered":"<p>A primeira parcela do 13\u00ba sal\u00e1rio para aposentados, pensionistas e benefici\u00e1rios de aux\u00edlios previdenci\u00e1rios e acident\u00e1rios colocar\u00e1 em circula\u00e7\u00e3o na economia R$ 25,3 bilh\u00f5es entre os dias 25 de maio e 8 de junho, quando 31 milh\u00f5es de segurados ter\u00e3o direito ao pagamento antecipado da primeira parte da gratifica\u00e7\u00e3o, informou o INSS (Instituto Nacional do &hellip;<\/p>\n","protected":false},"author":1,"featured_media":15789,"comment_status":"closed","ping_status":"closed","sticky":false,"template":"","format":"standard","meta":{"_jetpack_newsletter_access":"","_jetpack_dont_email_post_to_subs":false,"_jetpack_newsletter_tier_id":0,"_jetpack_memberships_contains_paywalled_content":false,"_jetpack_memberships_contains_paid_content":false,"footnotes":""},"categories":[1],"tags":[],"class_list":["post-15788","post","type-post","status-publish","format-standard","has-post-thumbnail","hentry","category-destaque"],"jetpack_sharing_enabled":true,"jetpack_featured_media_url":"","_links":{"self":[{"href":"https:\/\/www.oparanews.com.br\/index.php\/wp-json\/wp\/v2\/posts\/15788","targetHints":{"allow":["GET"]}}],"collection":[{"href":"https:\/\/www.oparanews.com.br\/index.php\/wp-json\/wp\/v2\/posts"}],"about":[{"href":"https:\/\/www.oparanews.com.br\/index.php\/wp-json\/wp\/v2\/types\/post"}],"author":[{"embeddable":true,"href":"https:\/\/www.oparanews.com.br\/index.php\/wp-json\/wp\/v2\/users\/1"}],"replies":[{"embeddable":true,"href":"https:\/\/www.oparanews.com.br\/index.php\/wp-json\/wp\/v2\/comments?post=15788"}],"version-history":[{"count":0,"href":"https:\/\/www.oparanews.com.br\/index.php\/wp-json\/wp\/v2\/posts\/15788\/revisions"}],"wp:attachment":[{"href":"https:\/\/www.oparanews.com.br\/index.php\/wp-json\/wp\/v2\/media?parent=15788"}],"wp:term":[{"taxonomy":"category","embeddable":true,"href":"https:\/\/www.oparanews.com.br\/index.php\/wp-json\/wp\/v2\/categories?post=15788"},{"taxonomy":"post_tag","embeddable":true,"href":"https:\/\/www.oparanews.com.br\/index.php\/wp-json\/wp\/v2\/tags?post=15788"}],"curies":[{"name":"wp","href":"https:\/\/api.w.org\/{rel}","templated":true}]}}