{"id":15794,"date":"2021-05-20T11:44:46","date_gmt":"2021-05-20T11:44:46","guid":{"rendered":"https:\/\/oparanews.com.br\/?p=15794"},"modified":"2021-05-20T11:44:46","modified_gmt":"2021-05-20T11:44:46","slug":"tais-araujo-toma-a-vacina-contra-a-covid-19-e-faz-desabafo","status":"publish","type":"post","link":"https:\/\/www.oparanews.com.br\/index.php\/2021\/05\/20\/tais-araujo-toma-a-vacina-contra-a-covid-19-e-faz-desabafo\/","title":{"rendered":"Ta\u00eds Ara\u00fajo toma a vacina contra a Covid-19 e faz desabafo"},"content":{"rendered":"<p>Aos 42 anos, a atriz Ta\u00eds Ara\u00fajo foi mais uma das famosas que recebeu a vacina contra a Covid-19. Na manh\u00e3 dessa quarta-feira (19), a famosa publicou um v\u00eddeo do exato momento, e aproveitou a oportunidade para fazer um desabafo aos f\u00e3s.<\/p>\n<p>Logo no inicio, ela contou que recebeu o imunizante por ser do grupo de risco, e apresentar um quadro de asma grave. Al\u00e9m do mais, ela agradeceu o SUS e pediu por mais conscientiza\u00e7\u00e3o com o pr\u00f3ximo.<\/p>\n<p>\u201cHoje foi meu dia de tomar a vacina, eu tenho asma grave e fa\u00e7o parte do grupo com comorbidade. \u00c9 fundamental que toda popula\u00e7\u00e3o seja vacinada e confira o calend\u00e1rio de sua cidade. Precisamos nos proteger e proteger as outras pessoas, portanto mesmo vacinados vamos manter os cuidados: usar sempre a m\u00e1scara e higienizar as m\u00e3os com \u00e1lcool 70% e lavar as m\u00e3os com sab\u00e3o. Cuidem-se\u201d, aconselhou ela.<\/p>\n<p>Ao concluir, ela ainda demonstrou gratid\u00e3o pelo ato. \u201cMuito obrigada ao SUS e a todos os profissionais de sa\u00fade e profissionais que est\u00e3o dentro dos hospitais a frente dessa batalha contra o COVID 19\u201d, afirmou.<\/p>\n<p>\u201cAi que not\u00edcia maravilhosa, voc\u00ea merece demais\u201d, revelou um f\u00e3. \u201cFico mais aliviado, agora\u201d, apontou a segunda pessoa. \u201cPoderosa, isso mesmo rainha\u201d, afirmou a \u00faltima admiradora.<\/p>\n<p>&nbsp;<\/p>\n<p><strong>Fonte: Entret\u00ea<\/strong><\/p>\n<p>&nbsp;<\/p>\n","protected":false},"excerpt":{"rendered":"<p>Aos 42 anos, a atriz Ta\u00eds Ara\u00fajo foi mais uma das famosas que recebeu a vacina contra a Covid-19. Na manh\u00e3 dessa quarta-feira (19), a famosa publicou um v\u00eddeo do exato momento, e aproveitou a oportunidade para fazer um desabafo aos f\u00e3s. Logo no inicio, ela contou que recebeu o imunizante por ser do grupo &hellip;<\/p>\n","protected":false},"author":1,"featured_media":15795,"comment_status":"closed","ping_status":"closed","sticky":false,"template":"","format":"standard","meta":{"_jetpack_newsletter_access":"","_jetpack_dont_email_post_to_subs":false,"_jetpack_newsletter_tier_id":0,"_jetpack_memberships_contains_paywalled_content":false,"_jetpack_memberships_contains_paid_content":false,"footnotes":""},"categories":[1],"tags":[],"class_list":["post-15794","post","type-post","status-publish","format-standard","has-post-thumbnail","hentry","category-destaque"],"jetpack_sharing_enabled":true,"jetpack_featured_media_url":"","_links":{"self":[{"href":"https:\/\/www.oparanews.com.br\/index.php\/wp-json\/wp\/v2\/posts\/15794","targetHints":{"allow":["GET"]}}],"collection":[{"href":"https:\/\/www.oparanews.com.br\/index.php\/wp-json\/wp\/v2\/posts"}],"about":[{"href":"https:\/\/www.oparanews.com.br\/index.php\/wp-json\/wp\/v2\/types\/post"}],"author":[{"embeddable":true,"href":"https:\/\/www.oparanews.com.br\/index.php\/wp-json\/wp\/v2\/users\/1"}],"replies":[{"embeddable":true,"href":"https:\/\/www.oparanews.com.br\/index.php\/wp-json\/wp\/v2\/comments?post=15794"}],"version-history":[{"count":0,"href":"https:\/\/www.oparanews.com.br\/index.php\/wp-json\/wp\/v2\/posts\/15794\/revisions"}],"wp:attachment":[{"href":"https:\/\/www.oparanews.com.br\/index.php\/wp-json\/wp\/v2\/media?parent=15794"}],"wp:term":[{"taxonomy":"category","embeddable":true,"href":"https:\/\/www.oparanews.com.br\/index.php\/wp-json\/wp\/v2\/categories?post=15794"},{"taxonomy":"post_tag","embeddable":true,"href":"https:\/\/www.oparanews.com.br\/index.php\/wp-json\/wp\/v2\/tags?post=15794"}],"curies":[{"name":"wp","href":"https:\/\/api.w.org\/{rel}","templated":true}]}}